{"id":244951,"date":"2020-03-06T16:15:14","date_gmt":"2020-03-06T15:15:14","guid":{"rendered":"https:\/\/encours.studiottt.com\/anma\/inauguration-alexandra-david-neel-gymnasium\/"},"modified":"2022-04-03T11:49:42","modified_gmt":"2022-04-03T09:49:42","slug":"inauguration-alexandra-david-neel-gymnasium","status":"publish","type":"post","link":"https:\/\/anma.fr\/en\/inauguration-alexandra-david-neel-gymnasium\/","title":{"rendered":"Inauguration : Alexandra David Neel Gymnasium"},"content":{"rendered":"<div class=\"et-l et-l--post\">\n\t\t\t<div class=\"et_builder_inner_content et_pb_gutters3\"><div id=\"fiche-projet\" class=\"et_pb_section et_pb_section_0 et_section_regular\" >\n\t\t\t\t\n\t\t\t\t\n\t\t\t\t\n\t\t\t\t\n\t\t\t\t\n\t\t\t\t\n\t\t\t\t<div class=\"et_pb_row et_pb_row_0\">\n\t\t\t\t<div class=\"et_pb_column et_pb_column_4_4 et_pb_column_0 carousel-container  et_pb_css_mix_blend_mode_passthrough et-last-child\">\n\t\t\t\t\n\t\t\t\t\n\t\t\t\t\n\t\t\t\t\n\t\t\t\t<div class=\"et_pb_module et_pb_text et_pb_text_0 carrousel-cell  et_pb_text_align_left et_pb_bg_layout_light\">\n\t\t\t\t\n\t\t\t\t\n\t\t\t\t\n\t\t\t\t\n\t\t\t\t<div class=\"et_pb_text_inner\"><h2><strong>\u00e9clairage naturel<\/strong><br \/>et grands espaces<\/h2>\n<p>&nbsp;<\/p>\n<p>Le 13 mars 2020, le Centre National pour le D\u00e9veloppement du Sport, la r\u00e9gion Auvergne-Rh\u00f4ne-Alpes, la ville de Villeurbanne et l&#8217;agence ANMA inauguraient le nouveau complexe sportif Alexandra David Neel.<\/p>\n<p>Le projet, situ\u00e9 sur l&#8217;enceinte du futur lyc\u00e9e Pierre-Brossolette (ANMA), fait partie de l&#8217;op\u00e9ration de renouvellement urbain des Gratte-Ciels.<\/p>\n<p><strong>\u00c9quipements<\/strong> : 2 700 m\u00b2 SU dont une salle d\u00e9di\u00e9e aux sports collectifs (220 places), un mur d\u2019escalade, une salle polyvalente de 45 m\u00b2, une salle de 630 m\u00b2 d\u00e9di\u00e9e aux activit\u00e9s de gymnastique, danse et tennis de table et un terrain ext\u00e9rieur de 285 m\u00b2.<\/p>\n<p><strong>Photo<\/strong> : C\u00e9cile Septet (r\u00e9alisation), Viva Interactif (inauguration).<\/p>\n<p><strong><a href=\"https:\/\/anma.fr\/projets\/lycee-et-complexe-sportif\/\">D\u00e9couvrir le projet.\u00a0<\/a><\/strong><\/p><\/div>\n\t\t\t<\/div><div class=\"et_pb_with_border et_pb_module et_pb_image et_pb_image_0 carrousel-cell\">\n\t\t\t\t\n\t\t\t\t\n\t\t\t\t\n\t\t\t\t\n\t\t\t\t<a href=\"https:\/\/anma.fr\/wp-content\/uploads\/2020\/03\/GYMNASE-VILLEURBANNE-LYON-ANMA-12.jpg\" class=\"et_pb_lightbox_image\" title=\"ANMA Villeurbanne Gymnase Alexandra David Neel\"><span class=\"et_pb_image_wrap \"><img decoding=\"async\" width=\"2558\" height=\"1080\" src=\"https:\/\/anma.fr\/wp-content\/uploads\/2020\/03\/GYMNASE-VILLEURBANNE-LYON-ANMA-12.jpg\" alt=\"ANMA Villeurbanne Gymnase Alexandra David Neel\" title=\"ANMA Villeurbanne Gymnase Alexandra David Neel\" srcset=\"https:\/\/anma.fr\/wp-content\/uploads\/2020\/03\/GYMNASE-VILLEURBANNE-LYON-ANMA-12.jpg 2558w, https:\/\/anma.fr\/wp-content\/uploads\/2020\/03\/GYMNASE-VILLEURBANNE-LYON-ANMA-12-1280x540.jpg 1280w, https:\/\/anma.fr\/wp-content\/uploads\/2020\/03\/GYMNASE-VILLEURBANNE-LYON-ANMA-12-980x414.jpg 980w, https:\/\/anma.fr\/wp-content\/uploads\/2020\/03\/GYMNASE-VILLEURBANNE-LYON-ANMA-12-480x203.jpg 480w\" sizes=\"(min-width: 0px) and (max-width: 480px) 480px, (min-width: 481px) and (max-width: 980px) 980px, (min-width: 981px) and (max-width: 1280px) 1280px, (min-width: 1281px) 2558px, 100vw\" class=\"wp-image-241966\" \/><\/span><\/a>\n\t\t\t<\/div><div class=\"et_pb_with_border et_pb_module et_pb_image et_pb_image_1 carrousel-cell\">\n\t\t\t\t\n\t\t\t\t\n\t\t\t\t\n\t\t\t\t\n\t\t\t\t<a href=\"https:\/\/anma.fr\/wp-content\/uploads\/2020\/03\/EScKwaMXcAAm14N.jpg\" class=\"et_pb_lightbox_image\" title=\"Villeurbanne Inauguration ANMA Gymnase Alexandra David Neel \"><span class=\"et_pb_image_wrap \"><img decoding=\"async\" width=\"1620\" height=\"1080\" src=\"https:\/\/anma.fr\/wp-content\/uploads\/2020\/03\/EScKwaMXcAAm14N.jpg\" alt=\"Villeurbanne Inauguration ANMA Gymnase Alexandra David Neel \" title=\"Villeurbanne Inauguration ANMA Gymnase Alexandra David Neel \" srcset=\"https:\/\/anma.fr\/wp-content\/uploads\/2020\/03\/EScKwaMXcAAm14N.jpg 1620w, https:\/\/anma.fr\/wp-content\/uploads\/2020\/03\/EScKwaMXcAAm14N-1280x853.jpg 1280w, https:\/\/anma.fr\/wp-content\/uploads\/2020\/03\/EScKwaMXcAAm14N-980x653.jpg 980w, https:\/\/anma.fr\/wp-content\/uploads\/2020\/03\/EScKwaMXcAAm14N-480x320.jpg 480w\" sizes=\"(min-width: 0px) and (max-width: 480px) 480px, (min-width: 481px) and (max-width: 980px) 980px, (min-width: 981px) and (max-width: 1280px) 1280px, (min-width: 1281px) 1620px, 100vw\" class=\"wp-image-239432\" \/><\/span><\/a>\n\t\t\t<\/div>\n\t\t\t<\/div>\n\t\t\t\t\n\t\t\t\t\n\t\t\t\t\n\t\t\t\t\n\t\t\t<\/div>\n\t\t\t\t\n\t\t\t\t\n\t\t\t<\/div>\t\t<\/div>\n\t<\/div>\n\t","protected":false},"excerpt":{"rendered":"<p>\u00e9clairage naturelet grands espaces &nbsp; Le 13 mars 2020, le Centre National pour le D\u00e9veloppement du Sport, la r\u00e9gion Auvergne-Rh\u00f4ne-Alpes, la ville de Villeurbanne et l&#8217;agence ANMA inauguraient le nouveau complexe sportif Alexandra David Neel. Le projet, situ\u00e9 sur l&#8217;enceinte du futur lyc\u00e9e Pierre-Brossolette (ANMA), fait partie de l&#8217;op\u00e9ration de renouvellement urbain des Gratte-Ciels. \u00c9quipements [&hellip;]<\/p>\n","protected":false},"author":3,"featured_media":237520,"comment_status":"closed","ping_status":"closed","sticky":false,"template":"","format":"standard","meta":{"_acf_changed":false,"_et_pb_use_builder":"on","_et_pb_old_content":"","_et_gb_content_width":"","footnotes":""},"categories":[475],"tags":[],"class_list":["post-244951","post","type-post","status-publish","format-standard","has-post-thumbnail","hentry","category-uncategorized"],"acf":{"choix_de_la_couleur_du_titre":"#ffffff","sans":"block"},"_links":{"self":[{"href":"https:\/\/anma.fr\/en\/wp-json\/wp\/v2\/posts\/244951","targetHints":{"allow":["GET"]}}],"collection":[{"href":"https:\/\/anma.fr\/en\/wp-json\/wp\/v2\/posts"}],"about":[{"href":"https:\/\/anma.fr\/en\/wp-json\/wp\/v2\/types\/post"}],"author":[{"embeddable":true,"href":"https:\/\/anma.fr\/en\/wp-json\/wp\/v2\/users\/3"}],"replies":[{"embeddable":true,"href":"https:\/\/anma.fr\/en\/wp-json\/wp\/v2\/comments?post=244951"}],"version-history":[{"count":0,"href":"https:\/\/anma.fr\/en\/wp-json\/wp\/v2\/posts\/244951\/revisions"}],"wp:featuredmedia":[{"embeddable":true,"href":"https:\/\/anma.fr\/en\/wp-json\/wp\/v2\/media\/237520"}],"wp:attachment":[{"href":"https:\/\/anma.fr\/en\/wp-json\/wp\/v2\/media?parent=244951"}],"wp:term":[{"taxonomy":"category","embeddable":true,"href":"https:\/\/anma.fr\/en\/wp-json\/wp\/v2\/categories?post=244951"},{"taxonomy":"post_tag","embeddable":true,"href":"https:\/\/anma.fr\/en\/wp-json\/wp\/v2\/tags?post=244951"}],"curies":[{"name":"wp","href":"https:\/\/api.w.org\/{rel}","templated":true}]}}