{"id":253443,"date":"2022-02-10T15:18:37","date_gmt":"2022-02-10T14:18:37","guid":{"rendered":"https:\/\/anma.fr\/land-land-territory\/"},"modified":"2022-11-21T16:07:01","modified_gmt":"2022-11-21T15:07:01","slug":"land-land-territory","status":"publish","type":"post","link":"https:\/\/anma.fr\/en\/land-land-territory\/","title":{"rendered":"LAND LAND TERRITORY"},"content":{"rendered":"<div class=\"et-l et-l--post\">\n\t\t\t<div class=\"et_builder_inner_content et_pb_gutters3\"><div id=\"project note\" class=\"et_pb_section et_pb_section_0 et_section_regular\" >\n\t\t\t\t\n\t\t\t\t\n\t\t\t\t\n\t\t\t\t\n\t\t\t\t\n\t\t\t\t\n\t\t\t\t<div class=\"et_pb_row et_pb_row_0\">\n\t\t\t\t<div class=\"et_pb_column et_pb_column_4_4 et_pb_column_0 carousel-container  et_pb_css_mix_blend_mode_passthrough et-last-child\">\n\t\t\t\t\n\t\t\t\t\n\t\t\t\t\n\t\t\t\t\n\t\t\t\t<div class=\"et_pb_with_border et_pb_module et_pb_image et_pb_image_0 carrousel-cell\">\n\t\t\t\t\n\t\t\t\t\n\t\t\t\t\n\t\t\t\t\n\t\t\t\t<span class=\"et_pb_image_wrap \"><img decoding=\"async\" src=\"https:\/\/anma.fr\/wp-content\/uploads\/2022\/02\/FP2022_DS_4426.jpg\" alt=\"ANMA Foundation Exhibition Land Territory\" title=\"ANMA Foundation Exhibition Land Territory\" \/><\/span>\n\t\t\t<\/div><div class=\"et_pb_module et_pb_text et_pb_text_0 carrousel-cell  et_pb_text_align_left et_pb_bg_layout_light\">\n\t\t\t\t\n\t\t\t\t\n\t\t\t\t\n\t\t\t\t\n\t\t\t\t<div class=\"et_pb_text_inner\"><h2><b>Vernissage<br \/><\/b>first hanging<\/h2>\n<p>&nbsp;<\/p>\n<p>&#8220;Earth Land Territory &#8211; A Reading of the Urban Factory through Soil&#8221; is the first exhibition to see the light of day since the ANMA Corporate Foundation&#8217;s renewal cycle initiated in 2019.<\/p>\n<p>Produced in partnership with the ANMA agency, the CAUE Rh\u00f4ne M\u00e9tropole, Sciences Po \u00c9cole Urbaine and the BRGM, the opening of the exhibition was held on Thursday, February 10, at the CAUE offices in Lyon, where it is presented for the first time.<\/p>\n<p>Nearly 100 people from different fields gathered with the team in charge of the exhibition that day to discover the scenographic, pedagogical and contemplative path highlighting the Foundation&#8217;s research work.<\/p>\n<p>B\u00e9atrice Vessiller, vice-president of the Metropolis of Lyon and Agn\u00e8s Thouvenot, deputy urban planner of the City of Villeurbanne, introduced the event with speeches whose political scope directly resonated with the approach of the exhibition curator.<\/p>\n<p><strong><a href=\"https:\/\/anma.fr\/fr\/projets\/terre-terrain-territoire\/\">Learn more about the project.<\/a><\/strong><\/p>\n<p>&nbsp;<\/p><\/div>\n\t\t\t<\/div><div class=\"et_pb_with_border et_pb_module et_pb_image et_pb_image_1 carrousel-cell\">\n\t\t\t\t\n\t\t\t\t\n\t\t\t\t\n\t\t\t\t\n\t\t\t\t<span class=\"et_pb_image_wrap \"><img decoding=\"async\" src=\"https:\/\/anma.fr\/wp-content\/uploads\/2022\/02\/FP2022_DS_4547.jpg\" alt=\"ANMA Foundation Exhibition Land Territory\" title=\"ANMA Foundation Exhibition Land Territory\" \/><\/span>\n\t\t\t<\/div>\n\t\t\t<\/div>\n\t\t\t\t\n\t\t\t\t\n\t\t\t\t\n\t\t\t\t\n\t\t\t<\/div>\n\t\t\t\t\n\t\t\t\t\n\t\t\t<\/div>\t\t<\/div>\n\t<\/div>\n\t","protected":false},"excerpt":{"rendered":"<p>Vernissagefirst hanging &nbsp; &#8220;Earth Land Territory &#8211; A Reading of the Urban Factory through Soil&#8221; is the first exhibition to see the light of day since the ANMA Corporate Foundation&#8217;s renewal cycle initiated in 2019. Produced in partnership with the ANMA agency, the CAUE Rh\u00f4ne M\u00e9tropole, Sciences Po \u00c9cole Urbaine and the BRGM, the opening [&hellip;]<\/p>\n","protected":false},"author":1,"featured_media":250109,"comment_status":"closed","ping_status":"closed","sticky":false,"template":"","format":"standard","meta":{"_acf_changed":false,"_et_pb_use_builder":"on","_et_pb_old_content":"","_et_gb_content_width":"","footnotes":""},"categories":[475],"tags":[],"class_list":["post-253443","post","type-post","status-publish","format-standard","has-post-thumbnail","hentry","category-uncategorized"],"acf":{"choix_de_la_couleur_du_titre":"#ffffff","sans":"block"},"_links":{"self":[{"href":"https:\/\/anma.fr\/en\/wp-json\/wp\/v2\/posts\/253443","targetHints":{"allow":["GET"]}}],"collection":[{"href":"https:\/\/anma.fr\/en\/wp-json\/wp\/v2\/posts"}],"about":[{"href":"https:\/\/anma.fr\/en\/wp-json\/wp\/v2\/types\/post"}],"author":[{"embeddable":true,"href":"https:\/\/anma.fr\/en\/wp-json\/wp\/v2\/users\/1"}],"replies":[{"embeddable":true,"href":"https:\/\/anma.fr\/en\/wp-json\/wp\/v2\/comments?post=253443"}],"version-history":[{"count":0,"href":"https:\/\/anma.fr\/en\/wp-json\/wp\/v2\/posts\/253443\/revisions"}],"wp:featuredmedia":[{"embeddable":true,"href":"https:\/\/anma.fr\/en\/wp-json\/wp\/v2\/media\/250109"}],"wp:attachment":[{"href":"https:\/\/anma.fr\/en\/wp-json\/wp\/v2\/media?parent=253443"}],"wp:term":[{"taxonomy":"category","embeddable":true,"href":"https:\/\/anma.fr\/en\/wp-json\/wp\/v2\/categories?post=253443"},{"taxonomy":"post_tag","embeddable":true,"href":"https:\/\/anma.fr\/en\/wp-json\/wp\/v2\/tags?post=253443"}],"curies":[{"name":"wp","href":"https:\/\/api.w.org\/{rel}","templated":true}]}}