{"id":256831,"date":"2023-04-26T15:49:19","date_gmt":"2023-04-26T13:49:19","guid":{"rendered":"https:\/\/anma.fr\/france-culture-la-serie-documentaire\/"},"modified":"2024-03-01T13:23:28","modified_gmt":"2024-03-01T12:23:28","slug":"france-culture-la-serie-documentaire","status":"publish","type":"post","link":"https:\/\/anma.fr\/en\/france-culture-la-serie-documentaire\/","title":{"rendered":"France Culture: La S\u00e9rie Documentaire"},"content":{"rendered":"<div class=\"et-l et-l--post\">\n\t\t\t<div class=\"et_builder_inner_content et_pb_gutters3\"><div id=\"fiche-projet\" class=\"et_pb_section et_pb_section_0 et_section_regular\" >\n\t\t\t\t\n\t\t\t\t\n\t\t\t\t\n\t\t\t\t\n\t\t\t\t\n\t\t\t\t\n\t\t\t\t<div class=\"et_pb_row et_pb_row_0\">\n\t\t\t\t<div class=\"et_pb_column et_pb_column_4_4 et_pb_column_0 carousel-container  et_pb_css_mix_blend_mode_passthrough et-last-child\">\n\t\t\t\t\n\t\t\t\t\n\t\t\t\t\n\t\t\t\t\n\t\t\t\t<div class=\"et_pb_with_border et_pb_module et_pb_image et_pb_image_0 carrousel-cell\">\n\t\t\t\t\n\t\t\t\t\n\t\t\t\t\n\t\t\t\t\n\t\t\t\t<span class=\"et_pb_image_wrap \"><img decoding=\"async\" width=\"1620\" height=\"1080\" src=\"https:\/\/anma.fr\/wp-content\/uploads\/2023\/05\/230310_Visite-de-chantier-38_web-1.jpg\" alt=\"visit CLE podcast\" title=\"230310_Visite-de-chantier-(38)_web\" srcset=\"https:\/\/anma.fr\/wp-content\/uploads\/2023\/05\/230310_Visite-de-chantier-38_web-1.jpg 1620w, https:\/\/anma.fr\/wp-content\/uploads\/2023\/05\/230310_Visite-de-chantier-38_web-1-1280x853.jpg 1280w, https:\/\/anma.fr\/wp-content\/uploads\/2023\/05\/230310_Visite-de-chantier-38_web-1-980x653.jpg 980w, https:\/\/anma.fr\/wp-content\/uploads\/2023\/05\/230310_Visite-de-chantier-38_web-1-480x320.jpg 480w\" sizes=\"(min-width: 0px) and (max-width: 480px) 480px, (min-width: 481px) and (max-width: 980px) 980px, (min-width: 981px) and (max-width: 1280px) 1280px, (min-width: 1281px) 1620px, 100vw\" class=\"wp-image-255605\" \/><\/span>\n\t\t\t<\/div><div class=\"et_pb_module et_pb_text et_pb_text_0 carrousel-cell  et_pb_text_align_left et_pb_bg_layout_light\">\n\t\t\t\t\n\t\t\t\t\n\t\t\t\t\n\t\t\t\t\n\t\t\t\t<div class=\"et_pb_text_inner\"><h2><b>in the bowels<\/b><br \/>of the future station<\/h2>\n<p>&nbsp;<\/p>\n<p>To mark the 50th anniversary of the Paris ring road, LSD &#8211; La S\u00e9rie Documentaire de France Culture &#8211; is offering a 4-part podcast on the history and destiny of this Parisian ring road: <em>Le p\u00e9riph, apr\u00e8s tout<\/em>.<\/p>\n<p>Against this backdrop, Cyril Tr\u00e9tout, associate architect, and Pierre-Emmanuel B\u00e9cherand, head of architecture and culture at Soci\u00e9t\u00e9 du Grand Paris, welcomed journalist Camille Juza to the site of the Cr\u00e9teil l&#8217;\u00c9chat station and its future metro line 15 last month, to discuss the future of traffic in the Paris region in the light of the Grand Paris Express project.<\/p>\n<p>&#8220;<em>It&#8217;s quite an exceptional moment for me, because in our profession we draw, we can now visualize a little in glasses but it&#8217;s still something that&#8217;s an impression, here for me it&#8217;s really sensations, it&#8217;s concrete<\/em>.&#8221;<\/p>\n<p>&#8211; Cyril Tr\u00e9tout.<\/p>\n<p><a href=\"https:\/\/www.radiofrance.fr\/franceculture\/podcasts\/serie-le-periph-apres-tout\" target=\"_blank\" rel=\"noopener\"><strong>Discover the podcast here.<\/strong><\/a><\/p><\/div>\n\t\t\t<\/div><div class=\"et_pb_with_border et_pb_module et_pb_image et_pb_image_1 carrousel-cell\">\n\t\t\t\t\n\t\t\t\t\n\t\t\t\t\n\t\t\t\t\n\t\t\t\t<span class=\"et_pb_image_wrap \"><img decoding=\"async\" width=\"864\" height=\"1080\" src=\"https:\/\/anma.fr\/wp-content\/uploads\/2023\/05\/230310_Visite-de-chantier-5_web.jpg\" alt=\"visit CLE podcast\" title=\"230310_Visite-de-chantier-(5)_web\" srcset=\"https:\/\/anma.fr\/wp-content\/uploads\/2023\/05\/230310_Visite-de-chantier-5_web.jpg 864w, https:\/\/anma.fr\/wp-content\/uploads\/2023\/05\/230310_Visite-de-chantier-5_web-480x600.jpg 480w\" sizes=\"(min-width: 0px) and (max-width: 480px) 480px, (min-width: 481px) 864px, 100vw\" class=\"wp-image-255599\" \/><\/span>\n\t\t\t<\/div>\n\t\t\t<\/div>\n\t\t\t\t\n\t\t\t\t\n\t\t\t\t\n\t\t\t\t\n\t\t\t<\/div>\n\t\t\t\t\n\t\t\t\t\n\t\t\t<\/div>\t\t<\/div>\n\t<\/div>\n\t","protected":false},"excerpt":{"rendered":"<p>in the bowelsof the future station &nbsp; To mark the 50th anniversary of the Paris ring road, LSD &#8211; La S\u00e9rie Documentaire de France Culture &#8211; is offering a 4-part podcast on the history and destiny of this Parisian ring road: Le p\u00e9riph, apr\u00e8s tout. Against this backdrop, Cyril Tr\u00e9tout, associate architect, and Pierre-Emmanuel B\u00e9cherand, [&hellip;]<\/p>\n","protected":false},"author":9,"featured_media":255593,"comment_status":"closed","ping_status":"closed","sticky":false,"template":"","format":"standard","meta":{"_acf_changed":false,"_et_pb_use_builder":"on","_et_pb_old_content":"","_et_gb_content_width":"","footnotes":""},"categories":[475],"tags":[],"class_list":["post-256831","post","type-post","status-publish","format-standard","has-post-thumbnail","hentry","category-uncategorized"],"acf":{"choix_de_la_couleur_du_titre":"#ffffff","sans":"block"},"_links":{"self":[{"href":"https:\/\/anma.fr\/en\/wp-json\/wp\/v2\/posts\/256831","targetHints":{"allow":["GET"]}}],"collection":[{"href":"https:\/\/anma.fr\/en\/wp-json\/wp\/v2\/posts"}],"about":[{"href":"https:\/\/anma.fr\/en\/wp-json\/wp\/v2\/types\/post"}],"author":[{"embeddable":true,"href":"https:\/\/anma.fr\/en\/wp-json\/wp\/v2\/users\/9"}],"replies":[{"embeddable":true,"href":"https:\/\/anma.fr\/en\/wp-json\/wp\/v2\/comments?post=256831"}],"version-history":[{"count":0,"href":"https:\/\/anma.fr\/en\/wp-json\/wp\/v2\/posts\/256831\/revisions"}],"wp:featuredmedia":[{"embeddable":true,"href":"https:\/\/anma.fr\/en\/wp-json\/wp\/v2\/media\/255593"}],"wp:attachment":[{"href":"https:\/\/anma.fr\/en\/wp-json\/wp\/v2\/media?parent=256831"}],"wp:term":[{"taxonomy":"category","embeddable":true,"href":"https:\/\/anma.fr\/en\/wp-json\/wp\/v2\/categories?post=256831"},{"taxonomy":"post_tag","embeddable":true,"href":"https:\/\/anma.fr\/en\/wp-json\/wp\/v2\/tags?post=256831"}],"curies":[{"name":"wp","href":"https:\/\/api.w.org\/{rel}","templated":true}]}}