{"id":257587,"date":"2023-06-08T18:02:30","date_gmt":"2023-06-08T16:02:30","guid":{"rendered":"https:\/\/anma.fr\/?p=257587"},"modified":"2025-12-01T16:46:29","modified_gmt":"2025-12-01T15:46:29","slug":"mainvilliers-concours-gagne","status":"publish","type":"post","link":"https:\/\/anma.fr\/en\/mainvilliers-concours-gagne\/","title":{"rendered":"Mainvilliers : Concours gagn\u00e9"},"content":{"rendered":"<div class=\"et-l et-l--post\">\n\t\t\t<div class=\"et_builder_inner_content et_pb_gutters3\"><div id=\"fiche-projet\" class=\"et_pb_section et_pb_section_0 et_section_regular\" >\n\t\t\t\t\n\t\t\t\t\n\t\t\t\t\n\t\t\t\t\n\t\t\t\t\n\t\t\t\t\n\t\t\t\t<div class=\"et_pb_row et_pb_row_0\">\n\t\t\t\t<div class=\"et_pb_column et_pb_column_4_4 et_pb_column_0 carousel-container  et_pb_css_mix_blend_mode_passthrough et-last-child\">\n\t\t\t\t\n\t\t\t\t\n\t\t\t\t\n\t\t\t\t\n\t\t\t\t<div class=\"et_pb_with_border et_pb_module et_pb_image et_pb_image_0 carrousel-cell\">\n\t\t\t\t\n\t\t\t\t\n\t\t\t\t\n\t\t\t\t\n\t\t\t\t<span class=\"et_pb_image_wrap \"><img decoding=\"async\" width=\"1657\" height=\"1080\" src=\"https:\/\/anma.fr\/wp-content\/uploads\/2024\/06\/MGS_Croquis-Aerien_NB_WEB.jpg\" alt=\"ANMA Mainvilliers Ecole Hugo Zola\" title=\"ANMA Mainvilliers Ecole Hugo Zola\" srcset=\"https:\/\/anma.fr\/wp-content\/uploads\/2024\/06\/MGS_Croquis-Aerien_NB_WEB.jpg 1657w, https:\/\/anma.fr\/wp-content\/uploads\/2024\/06\/MGS_Croquis-Aerien_NB_WEB-1280x834.jpg 1280w, https:\/\/anma.fr\/wp-content\/uploads\/2024\/06\/MGS_Croquis-Aerien_NB_WEB-980x639.jpg 980w, https:\/\/anma.fr\/wp-content\/uploads\/2024\/06\/MGS_Croquis-Aerien_NB_WEB-480x313.jpg 480w\" sizes=\"(min-width: 0px) and (max-width: 480px) 480px, (min-width: 481px) and (max-width: 980px) 980px, (min-width: 981px) and (max-width: 1280px) 1280px, (min-width: 1281px) 1657px, 100vw\" class=\"wp-image-257592\" \/><\/span>\n\t\t\t<\/div><div class=\"et_pb_module et_pb_text et_pb_text_0 carrousel-cell  et_pb_text_align_left et_pb_bg_layout_light\">\n\t\t\t\t\n\t\t\t\t\n\t\t\t\t\n\t\t\t\t\n\t\t\t\t<div class=\"et_pb_text_inner\"><h2><b>nouvelle \u00e9cole <\/b><strong>bois<br \/><\/strong>et b\u00e9ton bas carbone<\/h2>\n<p>&nbsp;<\/p>\n<p>ANMA Architectes Urbanistes, Officine d&#8217;Architecture et leur \u00e9quipe sont laur\u00e9ats du concours pour la conception d\u2019un groupe scolaire \u2013 \u00e9cole maternelle, \u00e9l\u00e9mentaire et cantine, pour la ville de Mainvilliers.<\/p>\n<p>Un projet \u00e0 l\u2019impact ma\u00eetris\u00e9 qui mise sur la construction bois \u2013 structure, isolation, fa\u00e7ade, menuiseries \u2013 \u00e0 laquelle il agr\u00e8ge pour l&#8217;inertie thermique un socle et un plancher b\u00e9ton bas carbone, ainsi que des cloisons s\u00e9paratives inter-classes en briques de terre crue.<\/p>\n<p>La compacit\u00e9 du b\u00e2timent permet de pr\u00e9server les grands arbres existants, de lib\u00e9rer un vaste espace de pleine terre afin de d\u00e9velopper une lisi\u00e8re v\u00e9g\u00e9tale, et de dessiner les deux cours de r\u00e9cr\u00e9ations au rez-de-chauss\u00e9e. Cet \u00e9crin v\u00e9g\u00e9tal participe ainsi \u00e0 la lutte contre les \u00eelots de chaleurs et au maintien de la biodiversit\u00e9 en ville, mais pr\u00e9serve \u00e9galement l&#8217;intimit\u00e9 des usagers, favorise les vues paysag\u00e8res au sein du quartier et sert de support p\u00e9dagogique pour les enfants.<\/p>\n<p><a href=\"https:\/\/anma.fr\/fr\/projets\/ecole-hugo-zola\/\"><strong>D\u00e9couvrir le projet.<\/strong><\/a><\/p><\/div>\n\t\t\t<\/div>\n\t\t\t<\/div>\n\t\t\t\t\n\t\t\t\t\n\t\t\t\t\n\t\t\t\t\n\t\t\t<\/div>\n\t\t\t\t\n\t\t\t\t\n\t\t\t<\/div>\t\t<\/div>\n\t<\/div>\n\t","protected":false},"excerpt":{"rendered":"<p>nouvelle \u00e9cole boiset b\u00e9ton bas carbone &nbsp; ANMA Architectes Urbanistes, Officine d&#8217;Architecture et leur \u00e9quipe sont laur\u00e9ats du concours pour la conception d\u2019un groupe scolaire \u2013 \u00e9cole maternelle, \u00e9l\u00e9mentaire et cantine, pour la ville de Mainvilliers. Un projet \u00e0 l\u2019impact ma\u00eetris\u00e9 qui mise sur la construction bois \u2013 structure, isolation, fa\u00e7ade, menuiseries \u2013 \u00e0 laquelle [&hellip;]<\/p>\n","protected":false},"author":3,"featured_media":257589,"comment_status":"closed","ping_status":"closed","sticky":false,"template":"","format":"standard","meta":{"_acf_changed":false,"_et_pb_use_builder":"on","_et_pb_old_content":"","_et_gb_content_width":"","footnotes":""},"categories":[143],"tags":[],"class_list":["post-257587","post","type-post","status-publish","format-standard","has-post-thumbnail","hentry","category-non-classifiee"],"acf":{"sans":"block","choix_de_la_couleur_du_titre":"#ffffff"},"_links":{"self":[{"href":"https:\/\/anma.fr\/en\/wp-json\/wp\/v2\/posts\/257587","targetHints":{"allow":["GET"]}}],"collection":[{"href":"https:\/\/anma.fr\/en\/wp-json\/wp\/v2\/posts"}],"about":[{"href":"https:\/\/anma.fr\/en\/wp-json\/wp\/v2\/types\/post"}],"author":[{"embeddable":true,"href":"https:\/\/anma.fr\/en\/wp-json\/wp\/v2\/users\/3"}],"replies":[{"embeddable":true,"href":"https:\/\/anma.fr\/en\/wp-json\/wp\/v2\/comments?post=257587"}],"version-history":[{"count":1,"href":"https:\/\/anma.fr\/en\/wp-json\/wp\/v2\/posts\/257587\/revisions"}],"predecessor-version":[{"id":261870,"href":"https:\/\/anma.fr\/en\/wp-json\/wp\/v2\/posts\/257587\/revisions\/261870"}],"wp:featuredmedia":[{"embeddable":true,"href":"https:\/\/anma.fr\/en\/wp-json\/wp\/v2\/media\/257589"}],"wp:attachment":[{"href":"https:\/\/anma.fr\/en\/wp-json\/wp\/v2\/media?parent=257587"}],"wp:term":[{"taxonomy":"category","embeddable":true,"href":"https:\/\/anma.fr\/en\/wp-json\/wp\/v2\/categories?post=257587"},{"taxonomy":"post_tag","embeddable":true,"href":"https:\/\/anma.fr\/en\/wp-json\/wp\/v2\/tags?post=257587"}],"curies":[{"name":"wp","href":"https:\/\/api.w.org\/{rel}","templated":true}]}}