{"id":259846,"date":"2024-10-10T17:53:15","date_gmt":"2024-10-10T15:53:15","guid":{"rendered":"https:\/\/anma.fr\/?p=259846"},"modified":"2025-04-07T16:08:45","modified_gmt":"2025-04-07T14:08:45","slug":"angers-offre-urbaine-remportee","status":"publish","type":"post","link":"https:\/\/anma.fr\/en\/angers-offre-urbaine-remportee\/","title":{"rendered":"Angers : offre urbaine remport\u00e9e"},"content":{"rendered":"<div class=\"et-l et-l--post\">\n\t\t\t<div class=\"et_builder_inner_content et_pb_gutters3\"><div id=\"fiche-projet\" class=\"et_pb_section et_pb_section_0 et_section_regular\" >\n\t\t\t\t\n\t\t\t\t\n\t\t\t\t\n\t\t\t\t\n\t\t\t\t\n\t\t\t\t\n\t\t\t\t<div class=\"et_pb_row et_pb_row_0\">\n\t\t\t\t<div class=\"et_pb_column et_pb_column_4_4 et_pb_column_0 carousel-container  et_pb_css_mix_blend_mode_passthrough et-last-child\">\n\t\t\t\t\n\t\t\t\t\n\t\t\t\t\n\t\t\t\t\n\t\t\t\t<div class=\"et_pb_with_border et_pb_module et_pb_image et_pb_image_0 carrousel-cell\">\n\t\t\t\t\n\t\t\t\t\n\t\t\t\t\n\t\t\t\t\n\t\t\t\t<span class=\"et_pb_image_wrap \"><img decoding=\"async\" width=\"1440\" height=\"1080\" src=\"https:\/\/anma.fr\/wp-content\/uploads\/2025\/04\/IMG_0048.jpg\" alt=\"ANMA-Logements Bords de Marne\" title=\"IMG_0048\" srcset=\"https:\/\/anma.fr\/wp-content\/uploads\/2025\/04\/IMG_0048.jpg 1440w, https:\/\/anma.fr\/wp-content\/uploads\/2025\/04\/IMG_0048-1280x960.jpg 1280w, https:\/\/anma.fr\/wp-content\/uploads\/2025\/04\/IMG_0048-980x735.jpg 980w, https:\/\/anma.fr\/wp-content\/uploads\/2025\/04\/IMG_0048-480x360.jpg 480w\" sizes=\"(min-width: 0px) and (max-width: 480px) 480px, (min-width: 481px) and (max-width: 980px) 980px, (min-width: 981px) and (max-width: 1280px) 1280px, (min-width: 1281px) 1440px, 100vw\" class=\"wp-image-259854\" \/><\/span>\n\t\t\t<\/div><div class=\"et_pb_module et_pb_text et_pb_text_0 carrousel-cell  et_pb_text_align_left et_pb_bg_layout_light\">\n\t\t\t\t\n\t\t\t\t\n\t\t\t\t\n\t\t\t\t\n\t\t\t\t<div class=\"et_pb_text_inner\"><h2><b>laur\u00e9at \u00e0 Angers<br \/><\/b>renouvellement urbain<\/h2>\n<p>&nbsp;<\/p>\n<p>ANMA et son \u00e9quipe remportent la mission de ma\u00eetrise d\u2019\u0153uvre urbaine, infrastructure et paysag\u00e8re du renouvellement de la friche Thomson \u00e0 Angers pour le compte d\u2019Alter, Ville d&#8217;Angers et Angers Loire M\u00e9tropole.<\/p>\n<p>En axant le projet d\u2019abord sur la r\u00e9g\u00e9n\u00e9ration des sols, le d\u00e9veloppement de continuit\u00e9s paysag\u00e8res et la ma\u00eetrise des formes urbaines, l\u2019\u00e9quipe entend permettre la r\u00e9ouverture de cette enclave industrielle d\u00e9laiss\u00e9e depuis 10 ans.<\/p>\n<p>\u00c0 venir donc, le renouvellement urbain d\u2019un site embl\u00e9matique au service de la naissance d\u2019un nouveau quartier mixte, \u00e0 l\u2019identit\u00e9 construite naturellement par l\u2019histoire d\u2019un lieu, les usages des quartiers limitrophes et les logiques programmatiques pens\u00e9es \u00e0 l\u2019\u00e9chelle de la m\u00e9tropole angevine.<\/p>\n<p><strong>Am\u00e9nageur\u00a0<\/strong>: Alter, pour Loire M\u00e9tropole<\/p>\n<p><strong>Urbaniste coordinateur<\/strong> : ANMA Architectes Urbanistes<strong><br \/>Paysagiste :<\/strong> R\u00e9sonance Paysagistes<strong><br \/>VRD :<\/strong> TPFI<strong><br \/>Environnement <\/strong>: Solab<strong><br \/><\/strong><\/p><\/div>\n\t\t\t<\/div><div class=\"et_pb_with_border et_pb_module et_pb_image et_pb_image_1 carrousel-cell\">\n\t\t\t\t\n\t\t\t\t\n\t\t\t\t\n\t\t\t\t\n\t\t\t\t<span class=\"et_pb_image_wrap \"><img decoding=\"async\" width=\"810\" height=\"1080\" src=\"https:\/\/anma.fr\/wp-content\/uploads\/2025\/04\/IMG_0050_web.jpg\" alt=\"ANMA-Logements Bords de Marne\" title=\"IMG_0050_web\" srcset=\"https:\/\/anma.fr\/wp-content\/uploads\/2025\/04\/IMG_0050_web.jpg 810w, https:\/\/anma.fr\/wp-content\/uploads\/2025\/04\/IMG_0050_web-480x640.jpg 480w\" sizes=\"(min-width: 0px) and (max-width: 480px) 480px, (min-width: 481px) 810px, 100vw\" class=\"wp-image-259874\" \/><\/span>\n\t\t\t<\/div>\n\t\t\t<\/div>\n\t\t\t\t\n\t\t\t\t\n\t\t\t\t\n\t\t\t\t\n\t\t\t<\/div>\n\t\t\t\t\n\t\t\t\t\n\t\t\t<\/div>\t\t<\/div>\n\t<\/div>\n\t","protected":false},"excerpt":{"rendered":"<p>laur\u00e9at \u00e0 Angersrenouvellement urbain &nbsp; ANMA et son \u00e9quipe remportent la mission de ma\u00eetrise d\u2019\u0153uvre urbaine, infrastructure et paysag\u00e8re du renouvellement de la friche Thomson \u00e0 Angers pour le compte d\u2019Alter, Ville d&#8217;Angers et Angers Loire M\u00e9tropole. En axant le projet d\u2019abord sur la r\u00e9g\u00e9n\u00e9ration des sols, le d\u00e9veloppement de continuit\u00e9s paysag\u00e8res et la ma\u00eetrise [&hellip;]<\/p>\n","protected":false},"author":9,"featured_media":259852,"comment_status":"closed","ping_status":"closed","sticky":false,"template":"","format":"standard","meta":{"_acf_changed":false,"_et_pb_use_builder":"on","_et_pb_old_content":"","_et_gb_content_width":"","footnotes":""},"categories":[69],"tags":[],"class_list":["post-259846","post","type-post","status-publish","format-standard","has-post-thumbnail","hentry","category-anma"],"acf":{"sans":"block","choix_de_la_couleur_du_titre":"#ffffff"},"_links":{"self":[{"href":"https:\/\/anma.fr\/en\/wp-json\/wp\/v2\/posts\/259846","targetHints":{"allow":["GET"]}}],"collection":[{"href":"https:\/\/anma.fr\/en\/wp-json\/wp\/v2\/posts"}],"about":[{"href":"https:\/\/anma.fr\/en\/wp-json\/wp\/v2\/types\/post"}],"author":[{"embeddable":true,"href":"https:\/\/anma.fr\/en\/wp-json\/wp\/v2\/users\/9"}],"replies":[{"embeddable":true,"href":"https:\/\/anma.fr\/en\/wp-json\/wp\/v2\/comments?post=259846"}],"version-history":[{"count":17,"href":"https:\/\/anma.fr\/en\/wp-json\/wp\/v2\/posts\/259846\/revisions"}],"predecessor-version":[{"id":260052,"href":"https:\/\/anma.fr\/en\/wp-json\/wp\/v2\/posts\/259846\/revisions\/260052"}],"wp:featuredmedia":[{"embeddable":true,"href":"https:\/\/anma.fr\/en\/wp-json\/wp\/v2\/media\/259852"}],"wp:attachment":[{"href":"https:\/\/anma.fr\/en\/wp-json\/wp\/v2\/media?parent=259846"}],"wp:term":[{"taxonomy":"category","embeddable":true,"href":"https:\/\/anma.fr\/en\/wp-json\/wp\/v2\/categories?post=259846"},{"taxonomy":"post_tag","embeddable":true,"href":"https:\/\/anma.fr\/en\/wp-json\/wp\/v2\/tags?post=259846"}],"curies":[{"name":"wp","href":"https:\/\/api.w.org\/{rel}","templated":true}]}}