{"id":237237,"date":"2020-07-07T16:37:11","date_gmt":"2020-07-07T14:37:11","guid":{"rendered":"https:\/\/encours.studiottt.com\/anma\/?p=237237"},"modified":"2020-10-06T10:03:28","modified_gmt":"2020-10-06T08:03:28","slug":"sciences-po-une-annee-detudes","status":"publish","type":"post","link":"https:\/\/anma.fr\/fr\/sciences-po-une-annee-detudes\/","title":{"rendered":"Sciences Po : une ann\u00e9e d&rsquo;\u00e9tudes"},"content":{"rendered":"<div class=\"et-l et-l--post\">\n\t\t\t<div class=\"et_builder_inner_content et_pb_gutters3\"><div id=\"fiche-projet\" class=\"et_pb_section et_pb_section_0 et_section_regular\" >\n\t\t\t\t\n\t\t\t\t\n\t\t\t\t\n\t\t\t\t\n\t\t\t\t\n\t\t\t\t\n\t\t\t\t<div class=\"et_pb_row et_pb_row_0\">\n\t\t\t\t<div class=\"et_pb_column et_pb_column_4_4 et_pb_column_0 carousel-container  et_pb_css_mix_blend_mode_passthrough et-last-child\">\n\t\t\t\t\n\t\t\t\t\n\t\t\t\t\n\t\t\t\t\n\t\t\t\t<div class=\"et_pb_module et_pb_text et_pb_text_0 carrousel-cell  et_pb_text_align_left et_pb_bg_layout_light\">\n\t\t\t\t\n\t\t\t\t\n\t\t\t\t\n\t\t\t\t\n\t\t\t\t<div class=\"et_pb_text_inner\"><h2><b>un an <\/b>de partenariat<\/h2>\n<p>&nbsp;<\/p>\n<p>En juillet 2020, l\u2019agence conclut une ann\u00e9e de collaboration avec l&rsquo;\u00c9cole Urbaine de Sciences Po et le CAUE Rh\u00f4ne M\u00e9tropole autour d\u2019une \u00e9tude sur les dynamiques de l\u2019am\u00e9nagement urbain selon des perspectives historiques et \u00e9conomiques.<\/p>\n<p>ANMA tient \u00e0 remercier les quatre \u00e9tudiantes\u00a0<a href=\"https:\/\/www.linkedin.com\/in\/ACoAABsN-TcBUUHrkDfXhqYn9Hf4PiK38B4791U\" data-attribute-index=\"0\" data-entity-hovercard-id=\"urn:li:fs_miniProfile:ACoAABsN-TcBUUHrkDfXhqYn9Hf4PiK38B4791U\" data-entity-type=\"MINI_PROFILE\">Sarah Ayoub<\/a>,\u00a0<a href=\"https:\/\/www.linkedin.com\/in\/ACoAABmkezkBKvG1ukzx7q7CyqqnxncxcqXald0\" data-attribute-index=\"2\" data-entity-hovercard-id=\"urn:li:fs_miniProfile:ACoAABmkezkBKvG1ukzx7q7CyqqnxncxcqXald0\" data-entity-type=\"MINI_PROFILE\">Marie Carbo<\/a>,\u00a0<a href=\"https:\/\/www.linkedin.com\/in\/ACoAACSBVzkBECU1TlI9aPwBK17MeSbkgpeXYoc\" data-attribute-index=\"4\" data-entity-hovercard-id=\"urn:li:fs_miniProfile:ACoAACSBVzkBECU1TlI9aPwBK17MeSbkgpeXYoc\" data-entity-type=\"MINI_PROFILE\">Shana Cohen<\/a>\u00a0et\u00a0<a href=\"https:\/\/www.linkedin.com\/in\/ACoAAALhmvcBLPxBaqUe8YLEYMJkbPWxI8q9xrk\" data-attribute-index=\"6\" data-entity-hovercard-id=\"urn:li:fs_miniProfile:ACoAAALhmvcBLPxBaqUe8YLEYMJkbPWxI8q9xrk\" data-entity-type=\"MINI_PROFILE\">Amrita Maitra<\/a>\u00a0ainsi que leur tutrice\u00a0<a href=\"https:\/\/www.linkedin.com\/in\/ACoAABraQVAB0U3CoPjtgldFD9ASDzYI-Z7vMG0\" data-attribute-index=\"8\" data-entity-hovercard-id=\"urn:li:fs_miniProfile:ACoAABraQVAB0U3CoPjtgldFD9ASDzYI-Z7vMG0\" data-entity-type=\"MINI_PROFILE\">Marie Llorente<\/a>\u00a0et la responsable du Cycle d&rsquo;Urbanisme\u00a0<a href=\"https:\/\/www.linkedin.com\/in\/ACoAAAYHAe4BLJiSyvxDBvvHc93jSl1t43M-XFA\" data-attribute-index=\"10\" data-entity-hovercard-id=\"urn:li:fs_miniProfile:ACoAAAYHAe4BLJiSyvxDBvvHc93jSl1t43M-XFA\" data-entity-type=\"MINI_PROFILE\">Marina Gaget<\/a>\u00a0pour la pertinence des travaux men\u00e9s.<\/p>\n<p>Ceux-ci participent \u00e0 la pr\u00e9sentation d\u2019une r\u00e9flexion urbaine dont l\u2019agence invitera le public \u00e0 d\u00e9couvrir le contenu par la suite.<\/p>\n<p><strong>Illustration et graphisme<\/strong> : Sarah Ayoub (couverture), Marie Carbo, Shano Cohen, Amrita Maitra<\/p>\n<p><strong>Ci-contre<\/strong> : Extrait du rapport d&rsquo;\u00e9tudes, \u00e9volution du r\u00f4le des acteurs de l&rsquo;am\u00e9nagement urbain depuis 1945<\/p><\/div>\n\t\t\t<\/div><div class=\"et_pb_with_border et_pb_module et_pb_image et_pb_image_0 carrousel-cell et_pb_image_sticky\">\n\t\t\t\t\n\t\t\t\t\n\t\t\t\t\n\t\t\t\t\n\t\t\t\t<span class=\"et_pb_image_wrap \"><img decoding=\"async\" width=\"2560\" height=\"962\" src=\"https:\/\/anma.fr\/wp-content\/uploads\/2020\/07\/Frise-chronologique_WEB-scaled.jpg\" alt=\"ANMA Podcast Projections Episode 6 Michel St Pierre\" title=\"IMG_3164_web\" srcset=\"https:\/\/anma.fr\/wp-content\/uploads\/2020\/07\/Frise-chronologique_WEB-scaled.jpg 2560w, https:\/\/anma.fr\/wp-content\/uploads\/2020\/07\/Frise-chronologique_WEB-1280x481.jpg 1280w, https:\/\/anma.fr\/wp-content\/uploads\/2020\/07\/Frise-chronologique_WEB-980x368.jpg 980w, https:\/\/anma.fr\/wp-content\/uploads\/2020\/07\/Frise-chronologique_WEB-480x180.jpg 480w\" sizes=\"(min-width: 0px) and (max-width: 480px) 480px, (min-width: 481px) and (max-width: 980px) 980px, (min-width: 981px) and (max-width: 1280px) 1280px, (min-width: 1281px) 2560px, 100vw\" class=\"wp-image-237690\" \/><\/span>\n\t\t\t<\/div><div class=\"et_pb_with_border et_pb_module et_pb_image et_pb_image_1 carrousel-cell et_pb_image_sticky\">\n\t\t\t\t\n\t\t\t\t\n\t\t\t\t\n\t\t\t\t\n\t\t\t\t<span class=\"et_pb_image_wrap \"><\/span>\n\t\t\t<\/div>\n\t\t\t<\/div>\n\t\t\t\t\n\t\t\t\t\n\t\t\t\t\n\t\t\t\t\n\t\t\t<\/div>\n\t\t\t\t\n\t\t\t\t\n\t\t\t<\/div>\t\t<\/div>\n\t<\/div>\n\t","protected":false},"excerpt":{"rendered":"<p>un an de partenariat &nbsp; En juillet 2020, l\u2019agence conclut une ann\u00e9e de collaboration avec l&rsquo;\u00c9cole Urbaine de Sciences Po et le CAUE Rh\u00f4ne M\u00e9tropole autour d\u2019une \u00e9tude sur les dynamiques de l\u2019am\u00e9nagement urbain selon des perspectives historiques et \u00e9conomiques. ANMA tient \u00e0 remercier les quatre \u00e9tudiantes\u00a0Sarah Ayoub,\u00a0Marie Carbo,\u00a0Shana Cohen\u00a0et\u00a0Amrita Maitra\u00a0ainsi que leur tutrice\u00a0Marie Llorente\u00a0et [&hellip;]<\/p>\n","protected":false},"author":3,"featured_media":237249,"comment_status":"closed","ping_status":"closed","sticky":false,"template":"","format":"standard","meta":{"_acf_changed":false,"_et_pb_use_builder":"on","_et_pb_old_content":"","_et_gb_content_width":"","footnotes":""},"categories":[143],"tags":[],"class_list":["post-237237","post","type-post","status-publish","format-standard","has-post-thumbnail","hentry","category-non-classifiee"],"acf":{"sans":"block","choix_de_la_couleur_du_titre":"#ffffff"},"_links":{"self":[{"href":"https:\/\/anma.fr\/fr\/wp-json\/wp\/v2\/posts\/237237","targetHints":{"allow":["GET"]}}],"collection":[{"href":"https:\/\/anma.fr\/fr\/wp-json\/wp\/v2\/posts"}],"about":[{"href":"https:\/\/anma.fr\/fr\/wp-json\/wp\/v2\/types\/post"}],"author":[{"embeddable":true,"href":"https:\/\/anma.fr\/fr\/wp-json\/wp\/v2\/users\/3"}],"replies":[{"embeddable":true,"href":"https:\/\/anma.fr\/fr\/wp-json\/wp\/v2\/comments?post=237237"}],"version-history":[{"count":0,"href":"https:\/\/anma.fr\/fr\/wp-json\/wp\/v2\/posts\/237237\/revisions"}],"wp:featuredmedia":[{"embeddable":true,"href":"https:\/\/anma.fr\/fr\/wp-json\/wp\/v2\/media\/237249"}],"wp:attachment":[{"href":"https:\/\/anma.fr\/fr\/wp-json\/wp\/v2\/media?parent=237237"}],"wp:term":[{"taxonomy":"category","embeddable":true,"href":"https:\/\/anma.fr\/fr\/wp-json\/wp\/v2\/categories?post=237237"},{"taxonomy":"post_tag","embeddable":true,"href":"https:\/\/anma.fr\/fr\/wp-json\/wp\/v2\/tags?post=237237"}],"curies":[{"name":"wp","href":"https:\/\/api.w.org\/{rel}","templated":true}]}}