{"id":237250,"date":"2020-05-01T16:54:04","date_gmt":"2020-05-01T14:54:04","guid":{"rendered":"https:\/\/encours.studiottt.com\/anma\/?p=237250"},"modified":"2020-10-05T01:49:42","modified_gmt":"2020-10-04T23:49:42","slug":"saint-denis-confines-dehors","status":"publish","type":"post","link":"https:\/\/anma.fr\/fr\/saint-denis-confines-dehors\/","title":{"rendered":"Saint-Denis : Confin\u00e9s dehors"},"content":{"rendered":"<div class=\"et-l et-l--post\">\n\t\t\t<div class=\"et_builder_inner_content et_pb_gutters3\"><div id=\"fiche-projet\" class=\"et_pb_section et_pb_section_0 et_section_regular\" >\n\t\t\t\t\n\t\t\t\t\n\t\t\t\t\n\t\t\t\t\n\t\t\t\t\n\t\t\t\t\n\t\t\t\t<div class=\"et_pb_row et_pb_row_0\">\n\t\t\t\t<div class=\"et_pb_column et_pb_column_4_4 et_pb_column_0 carousel-container  et_pb_css_mix_blend_mode_passthrough et-last-child\">\n\t\t\t\t\n\t\t\t\t\n\t\t\t\t\n\t\t\t\t\n\t\t\t\t<div class=\"et_pb_with_border et_pb_module et_pb_image et_pb_image_0 carrousel-cell\">\n\t\t\t\t\n\t\t\t\t\n\t\t\t\t\n\t\t\t\t\n\t\t\t\t<span class=\"et_pb_image_wrap \"><img decoding=\"async\" src=\"https:\/\/anma.fr\/wp-content\/uploads\/2020\/05\/5-ANMA-Macdonald-\u00a9MarwanHarmouche-_M7A1089_H1080.jpg\" alt=\"ANMA Marwan Harmouche Mac Donald Logements Terrasse\" title=\"ANMA Marwan Harmouche Mac Donald Logements Terrasse\" \/><\/span>\n\t\t\t<\/div><div class=\"et_pb_module et_pb_text et_pb_text_0 carrousel-cell  et_pb_text_align_left et_pb_bg_layout_light\">\n\t\t\t\t\n\t\t\t\t\n\t\t\t\t\n\t\t\t\t\n\t\t\t\t<div class=\"et_pb_text_inner\"><h2><b>vivre son logement<br \/><\/b>aussi \u00e0 l&rsquo;ext\u00e9rieur<\/h2>\n<p>&nbsp;<\/p>\n<p>\u00c0 Paris, le logement devient \u00ab\u00a0extra\u00a0\u00bb \u00e0 vivre quand il dispose d&rsquo;un balcon, d&rsquo;une loggia ou d&rsquo;une terrasse. Sur le boulevard Macdonald, cinq ans apr\u00e8s la livraison, les habitants ont pu profiter des espaces ext\u00e9rieurs pendant l&rsquo;\u00e9preuve du confinement.<\/p>\n<p>Photographie :\u00a0<a href=\"https:\/\/www.linkedin.com\/in\/ACoAAAosSNYByHfij6oBvL3_3j5OcfBpKctg-cY\" data-attribute-index=\"0\" data-entity-hovercard-id=\"urn:li:fs_miniProfile:ACoAAAosSNYByHfij6oBvL3_3j5OcfBpKctg-cY\" data-entity-type=\"MINI_PROFILE\">Marwan Harmouche<\/a>\u00a0en mai 2020<\/p><\/div>\n\t\t\t<\/div><div class=\"et_pb_with_border et_pb_module et_pb_image et_pb_image_1 carrousel-cell\">\n\t\t\t\t\n\t\t\t\t\n\t\t\t\t\n\t\t\t\t\n\t\t\t\t<span class=\"et_pb_image_wrap \"><img decoding=\"async\" src=\"https:\/\/anma.fr\/wp-content\/uploads\/2020\/05\/3-ANMA-Macdonald-\u00a9MarwanHarmouche-_M7A1128.jpg\" alt=\"ANMA Marwan Harmouche Mac Donald Logements Terrasse\" title=\"ANMA Marwan Harmouche Mac Donald Logements Terrasse\" \/><\/span>\n\t\t\t<\/div><div class=\"et_pb_with_border et_pb_module et_pb_image et_pb_image_2 carrousel-cell\">\n\t\t\t\t\n\t\t\t\t\n\t\t\t\t\n\t\t\t\t\n\t\t\t\t<span class=\"et_pb_image_wrap \"><img decoding=\"async\" src=\"https:\/\/anma.fr\/wp-content\/uploads\/2020\/05\/4-ANMA-Macdonald-\u00a9MarwanHarmouche-_M7A1023.jpg\" alt=\"ANMA Marwan Harmouche Mac Donald Logements Terrasse\" title=\"ANMA Marwan Harmouche Mac Donald Logements Terrasse\" \/><\/span>\n\t\t\t<\/div>\n\t\t\t<\/div>\n\t\t\t\t\n\t\t\t\t\n\t\t\t\t\n\t\t\t\t\n\t\t\t<\/div>\n\t\t\t\t\n\t\t\t\t\n\t\t\t<\/div>\t\t<\/div>\n\t<\/div>\n\t","protected":false},"excerpt":{"rendered":"<p>vivre son logementaussi \u00e0 l&rsquo;ext\u00e9rieur &nbsp; \u00c0 Paris, le logement devient \u00ab\u00a0extra\u00a0\u00bb \u00e0 vivre quand il dispose d&rsquo;un balcon, d&rsquo;une loggia ou d&rsquo;une terrasse. Sur le boulevard Macdonald, cinq ans apr\u00e8s la livraison, les habitants ont pu profiter des espaces ext\u00e9rieurs pendant l&rsquo;\u00e9preuve du confinement. Photographie :\u00a0Marwan Harmouche\u00a0en mai 2020<\/p>\n","protected":false},"author":3,"featured_media":238106,"comment_status":"closed","ping_status":"closed","sticky":false,"template":"","format":"standard","meta":{"_acf_changed":false,"_et_pb_use_builder":"on","_et_pb_old_content":"","_et_gb_content_width":"","footnotes":""},"categories":[143],"tags":[],"class_list":["post-237250","post","type-post","status-publish","format-standard","has-post-thumbnail","hentry","category-non-classifiee"],"acf":{"sans":"block","choix_de_la_couleur_du_titre":"#ffffff"},"_links":{"self":[{"href":"https:\/\/anma.fr\/fr\/wp-json\/wp\/v2\/posts\/237250","targetHints":{"allow":["GET"]}}],"collection":[{"href":"https:\/\/anma.fr\/fr\/wp-json\/wp\/v2\/posts"}],"about":[{"href":"https:\/\/anma.fr\/fr\/wp-json\/wp\/v2\/types\/post"}],"author":[{"embeddable":true,"href":"https:\/\/anma.fr\/fr\/wp-json\/wp\/v2\/users\/3"}],"replies":[{"embeddable":true,"href":"https:\/\/anma.fr\/fr\/wp-json\/wp\/v2\/comments?post=237250"}],"version-history":[{"count":0,"href":"https:\/\/anma.fr\/fr\/wp-json\/wp\/v2\/posts\/237250\/revisions"}],"wp:featuredmedia":[{"embeddable":true,"href":"https:\/\/anma.fr\/fr\/wp-json\/wp\/v2\/media\/238106"}],"wp:attachment":[{"href":"https:\/\/anma.fr\/fr\/wp-json\/wp\/v2\/media?parent=237250"}],"wp:term":[{"taxonomy":"category","embeddable":true,"href":"https:\/\/anma.fr\/fr\/wp-json\/wp\/v2\/categories?post=237250"},{"taxonomy":"post_tag","embeddable":true,"href":"https:\/\/anma.fr\/fr\/wp-json\/wp\/v2\/tags?post=237250"}],"curies":[{"name":"wp","href":"https:\/\/api.w.org\/{rel}","templated":true}]}}