{"id":241146,"date":"2020-10-13T15:12:21","date_gmt":"2020-10-13T13:12:21","guid":{"rendered":"https:\/\/anma.fr\/?p=241146"},"modified":"2020-11-04T14:37:15","modified_gmt":"2020-11-04T13:37:15","slug":"tribune-sait-on-rehabiliter","status":"publish","type":"post","link":"https:\/\/anma.fr\/fr\/tribune-sait-on-rehabiliter\/","title":{"rendered":"Tribune : Sait on r\u00e9habiliter ?"},"content":{"rendered":"<div class=\"et-l et-l--post\">\n\t\t\t<div class=\"et_builder_inner_content et_pb_gutters3\"><div id=\"fiche-projet\" class=\"et_pb_section et_pb_section_0 et_section_regular\" >\n\t\t\t\t\n\t\t\t\t\n\t\t\t\t\n\t\t\t\t\n\t\t\t\t\n\t\t\t\t\n\t\t\t\t<div class=\"et_pb_row et_pb_row_0\">\n\t\t\t\t<div class=\"et_pb_column et_pb_column_4_4 et_pb_column_0 carousel-container  et_pb_css_mix_blend_mode_passthrough et-last-child\">\n\t\t\t\t\n\t\t\t\t\n\t\t\t\t\n\t\t\t\t\n\t\t\t\t<div class=\"et_pb_with_border et_pb_module et_pb_image et_pb_image_0 carrousel-cell\">\n\t\t\t\t\n\t\t\t\t\n\t\t\t\t\n\t\t\t\t\n\t\t\t\t<span class=\"et_pb_image_wrap \"><img decoding=\"async\" width=\"720\" height=\"1080\" src=\"https:\/\/anma.fr\/wp-content\/uploads\/2020\/10\/Com_ANMA_Offices_C-JulienLanoo_20200916-Olivier_Scan000d.jpg\" alt=\"ANMA Olivier Calvarese\" title=\"ANMA Olivier Calvarese\" srcset=\"https:\/\/anma.fr\/wp-content\/uploads\/2020\/10\/Com_ANMA_Offices_C-JulienLanoo_20200916-Olivier_Scan000d.jpg 720w, https:\/\/anma.fr\/wp-content\/uploads\/2020\/10\/Com_ANMA_Offices_C-JulienLanoo_20200916-Olivier_Scan000d-480x720.jpg 480w\" sizes=\"(min-width: 0px) and (max-width: 480px) 480px, (min-width: 481px) 720px, 100vw\" class=\"wp-image-241260\" \/><\/span>\n\t\t\t<\/div><div class=\"et_pb_module et_pb_text et_pb_text_0 carrousel-cell  et_pb_text_align_left et_pb_bg_layout_light\">\n\t\t\t\t\n\t\t\t\t\n\t\t\t\t\n\t\t\t\t\n\t\t\t\t<div class=\"et_pb_text_inner\"><h2>\u00ab\u00a0SAIT-ON <strong>R\u00c9HABILITER ?\u00a0\u00bb<\/strong><\/h2>\n<p>&nbsp;<\/p>\n<p>Olivier Calvarese pour l&rsquo;Architecture d&rsquo;Aujourd&rsquo;hui :<\/p>\n<p><em>En 2019, la France compte 35 millions de logements dont 55 % d\u2019habitat individuel. Mais si le logement neuf repr\u00e9sente 70 % des m\u00e8tres carr\u00e9s construits par an, il ne correspond qu\u2019\u00e0 1 % du parc d\u2019habitat. La haute qualit\u00e9 d\u2019usage, l\u2019innovation \u00e9cologique et la r\u00e9silience de ces 0,05 % du parc d\u2019habitat que constitue le logement neuf con\u00e7u par les architectes doivent d\u00e9sormais \u00eatre appr\u00e9hend\u00e9es comme des postulats primant sur l\u2019int\u00e9r\u00eat financier. Et si l\u2019on consid\u00e8re qu\u2019un logement construit il y a 30 ans n\u00e9cessite une r\u00e9novation \u00e9nerg\u00e9tique ou fonctionnelle, alors ces enjeux trouvent d\u2019autant plus d\u2019\u00e9cho pour les 25 millions de logements \u00e0 r\u00e9habiliter<\/em>.<\/p>\n<p>D\u00e9couvrez l&rsquo;article dans son int\u00e9gralit\u00e9 <strong><a href=\"https:\/\/bit.ly\/34Q3AEk\" target=\"_blank\" rel=\"noopener noreferrer\">ici<\/a>.<\/strong><\/p><\/div>\n\t\t\t<\/div><div class=\"et_pb_with_border et_pb_module et_pb_image et_pb_image_1 carrousel-cell\">\n\t\t\t\t\n\t\t\t\t\n\t\t\t\t\n\t\t\t\t\n\t\t\t\t<span class=\"et_pb_image_wrap \"><img decoding=\"async\" width=\"1451\" height=\"1080\" src=\"https:\/\/anma.fr\/wp-content\/uploads\/2020\/10\/100_3368.jpg\" alt=\"ANMA Halle D\u00e9bat Ponsan\" title=\"ANMA Halle D\u00e9bat Ponsan\" srcset=\"https:\/\/anma.fr\/wp-content\/uploads\/2020\/10\/100_3368.jpg 1451w, https:\/\/anma.fr\/wp-content\/uploads\/2020\/10\/100_3368-1280x953.jpg 1280w, https:\/\/anma.fr\/wp-content\/uploads\/2020\/10\/100_3368-980x729.jpg 980w, https:\/\/anma.fr\/wp-content\/uploads\/2020\/10\/100_3368-480x357.jpg 480w\" sizes=\"(min-width: 0px) and (max-width: 480px) 480px, (min-width: 481px) and (max-width: 980px) 980px, (min-width: 981px) and (max-width: 1280px) 1280px, (min-width: 1281px) 1451px, 100vw\" class=\"wp-image-241258\" \/><\/span>\n\t\t\t<\/div>\n\t\t\t<\/div>\n\t\t\t\t\n\t\t\t\t\n\t\t\t\t\n\t\t\t\t\n\t\t\t<\/div>\n\t\t\t\t\n\t\t\t\t\n\t\t\t<\/div>\t\t<\/div>\n\t<\/div>\n\t","protected":false},"excerpt":{"rendered":"<p>\u00ab\u00a0SAIT-ON R\u00c9HABILITER ?\u00a0\u00bb &nbsp; Olivier Calvarese pour l&rsquo;Architecture d&rsquo;Aujourd&rsquo;hui : En 2019, la France compte 35 millions de logements dont 55 % d\u2019habitat individuel. Mais si le logement neuf repr\u00e9sente 70 % des m\u00e8tres carr\u00e9s construits par an, il ne correspond qu\u2019\u00e0 1 % du parc d\u2019habitat. La haute qualit\u00e9 d\u2019usage, l\u2019innovation \u00e9cologique et la [&hellip;]<\/p>\n","protected":false},"author":1,"featured_media":241213,"comment_status":"closed","ping_status":"closed","sticky":false,"template":"","format":"standard","meta":{"_acf_changed":false,"_et_pb_use_builder":"on","_et_pb_old_content":"","_et_gb_content_width":"","footnotes":""},"categories":[143],"tags":[],"class_list":["post-241146","post","type-post","status-publish","format-standard","has-post-thumbnail","hentry","category-non-classifiee"],"acf":{"sans":"block","choix_de_la_couleur_du_titre":"#ffffff"},"_links":{"self":[{"href":"https:\/\/anma.fr\/fr\/wp-json\/wp\/v2\/posts\/241146","targetHints":{"allow":["GET"]}}],"collection":[{"href":"https:\/\/anma.fr\/fr\/wp-json\/wp\/v2\/posts"}],"about":[{"href":"https:\/\/anma.fr\/fr\/wp-json\/wp\/v2\/types\/post"}],"author":[{"embeddable":true,"href":"https:\/\/anma.fr\/fr\/wp-json\/wp\/v2\/users\/1"}],"replies":[{"embeddable":true,"href":"https:\/\/anma.fr\/fr\/wp-json\/wp\/v2\/comments?post=241146"}],"version-history":[{"count":0,"href":"https:\/\/anma.fr\/fr\/wp-json\/wp\/v2\/posts\/241146\/revisions"}],"wp:featuredmedia":[{"embeddable":true,"href":"https:\/\/anma.fr\/fr\/wp-json\/wp\/v2\/media\/241213"}],"wp:attachment":[{"href":"https:\/\/anma.fr\/fr\/wp-json\/wp\/v2\/media?parent=241146"}],"wp:term":[{"taxonomy":"category","embeddable":true,"href":"https:\/\/anma.fr\/fr\/wp-json\/wp\/v2\/categories?post=241146"},{"taxonomy":"post_tag","embeddable":true,"href":"https:\/\/anma.fr\/fr\/wp-json\/wp\/v2\/tags?post=241146"}],"curies":[{"name":"wp","href":"https:\/\/api.w.org\/{rel}","templated":true}]}}