{"id":248174,"date":"2021-10-12T11:31:27","date_gmt":"2021-10-12T09:31:27","guid":{"rendered":"https:\/\/anma.fr\/?p=248174"},"modified":"2021-10-15T11:46:10","modified_gmt":"2021-10-15T09:46:10","slug":"artem-point-final-par-padoue","status":"publish","type":"post","link":"https:\/\/anma.fr\/fr\/artem-point-final-par-padoue\/","title":{"rendered":"Artem : Point final par Padoue"},"content":{"rendered":"<div class=\"et-l et-l--post\">\n\t\t\t<div class=\"et_builder_inner_content et_pb_gutters3\"><div id=\"fiche-projet\" class=\"et_pb_section et_pb_section_0 et_section_regular\" >\n\t\t\t\t\n\t\t\t\t\n\t\t\t\t\n\t\t\t\t\n\t\t\t\t\n\t\t\t\t\n\t\t\t\t<div class=\"et_pb_row et_pb_row_0\">\n\t\t\t\t<div class=\"et_pb_column et_pb_column_4_4 et_pb_column_0 carousel-container  et_pb_css_mix_blend_mode_passthrough et-last-child\">\n\t\t\t\t\n\t\t\t\t\n\t\t\t\t\n\t\t\t\t\n\t\t\t\t<div class=\"et_pb_with_border et_pb_module et_pb_image et_pb_image_0 carrousel-cell\">\n\t\t\t\t\n\t\t\t\t\n\t\t\t\t\n\t\t\t\t\n\t\t\t\t<span class=\"et_pb_image_wrap \"><img decoding=\"async\" src=\"https:\/\/anma.fr\/wp-content\/uploads\/2021\/10\/12_anma_nancy_\u00a9marwanharmouche_M7A6637.jpg\" alt=\"ANMA Nancy Bureau Place de Padoue\" title=\"ANMA Nancy Bureau Place de Padoue\" \/><\/span>\n\t\t\t<\/div><div class=\"et_pb_module et_pb_text et_pb_text_0 carrousel-cell  et_pb_text_align_left et_pb_bg_layout_light\">\n\t\t\t\t\n\t\t\t\t\n\t\t\t\t\n\t\t\t\t\n\t\t\t\t<div class=\"et_pb_text_inner\"><h2><b>Dernier cha\u00eenon<\/b><\/h2>\n<h2>du campus artem<\/h2>\n<p>&nbsp;<\/p>\n<p>&nbsp;<\/p>\n<p>Livr\u00e9 aux derniers jours de 2020, les \u00e9l\u00e8ves de l&rsquo;ICN Business School r\u00e9alisaient en septembre 2021 leur premi\u00e8re rentr\u00e9e dans leurs nouveaux locaux.<\/p>\n<p>Le b\u00e2timent de 4 plateaux de bureaux parach\u00e8ve le projet du Campus Artem r\u00e9alis\u00e9 par l&rsquo;agence et initi\u00e9 depuis 2006. Par sa fa\u00e7ade de b\u00e9ton lasur\u00e9 incolore et ses menuiseries alu aux tons chauds, il agit comme un v\u00e9ritable trait d&rsquo;union entre l&rsquo;architecture sobre de l&rsquo;existant et la nouvelle promenade color\u00e9e de la galerie Artem.<\/p>\n<p>Le b\u00e2timent se veut poreux avec l&rsquo;espace public en pr\u00e9sentant d&rsquo;une part un rez-de-chauss\u00e9e actif d\u00f4t\u00e9 d&rsquo;un restaurant, et de l&rsquo;autre, une fa\u00e7ade compl\u00e8tement habit\u00e9e o\u00f9 le traitement en mailles serr\u00e9es des coursives en caillebotis d&rsquo;acier galvanis\u00e9 les transforme en de v\u00e9ritables espaces \u00e0 vivre.<\/p>\n<p>Photographie \u00a9Marwan Harmouche<\/p>\n<p><a href=\"https:\/\/anma.fr\/fr\/projets\/bureaux-place-de-padoue-2\/\"><strong>D\u00e9couvrir les Bureaux Place de Padoue.<\/strong><\/a><\/p>\n<p><a href=\"https:\/\/anma.fr\/fr\/projets\/campus-artem\/\"><strong>D\u00e9couvrir le Campus Artem.<\/strong><\/a><\/p><\/div>\n\t\t\t<\/div><div class=\"et_pb_with_border et_pb_module et_pb_image et_pb_image_1 carrousel-cell\">\n\t\t\t\t\n\t\t\t\t\n\t\t\t\t\n\t\t\t\t\n\t\t\t\t<span class=\"et_pb_image_wrap \"><img decoding=\"async\" src=\"https:\/\/anma.fr\/wp-content\/uploads\/2021\/10\/08_anma_nancy_\u00a9marwanharmouche_M7A7433.jpg\" alt=\"ANMA Nancy Bureau Place de Padoue\" title=\"ANMA Nancy Bureau Place de Padoue\" \/><\/span>\n\t\t\t<\/div>\n\t\t\t<\/div>\n\t\t\t\t\n\t\t\t\t\n\t\t\t\t\n\t\t\t\t\n\t\t\t<\/div>\n\t\t\t\t\n\t\t\t\t\n\t\t\t<\/div>\t\t<\/div>\n\t<\/div>\n\t","protected":false},"excerpt":{"rendered":"<p>Dernier cha\u00eenon du campus artem &nbsp; &nbsp; Livr\u00e9 aux derniers jours de 2020, les \u00e9l\u00e8ves de l&rsquo;ICN Business School r\u00e9alisaient en septembre 2021 leur premi\u00e8re rentr\u00e9e dans leurs nouveaux locaux. Le b\u00e2timent de 4 plateaux de bureaux parach\u00e8ve le projet du Campus Artem r\u00e9alis\u00e9 par l&rsquo;agence et initi\u00e9 depuis 2006. Par sa fa\u00e7ade de b\u00e9ton [&hellip;]<\/p>\n","protected":false},"author":3,"featured_media":248175,"comment_status":"closed","ping_status":"closed","sticky":false,"template":"","format":"standard","meta":{"_acf_changed":false,"_et_pb_use_builder":"on","_et_pb_old_content":"","_et_gb_content_width":"","footnotes":""},"categories":[143],"tags":[],"class_list":["post-248174","post","type-post","status-publish","format-standard","has-post-thumbnail","hentry","category-non-classifiee"],"acf":{"sans":"block","choix_de_la_couleur_du_titre":"#ffffff"},"_links":{"self":[{"href":"https:\/\/anma.fr\/fr\/wp-json\/wp\/v2\/posts\/248174","targetHints":{"allow":["GET"]}}],"collection":[{"href":"https:\/\/anma.fr\/fr\/wp-json\/wp\/v2\/posts"}],"about":[{"href":"https:\/\/anma.fr\/fr\/wp-json\/wp\/v2\/types\/post"}],"author":[{"embeddable":true,"href":"https:\/\/anma.fr\/fr\/wp-json\/wp\/v2\/users\/3"}],"replies":[{"embeddable":true,"href":"https:\/\/anma.fr\/fr\/wp-json\/wp\/v2\/comments?post=248174"}],"version-history":[{"count":0,"href":"https:\/\/anma.fr\/fr\/wp-json\/wp\/v2\/posts\/248174\/revisions"}],"wp:featuredmedia":[{"embeddable":true,"href":"https:\/\/anma.fr\/fr\/wp-json\/wp\/v2\/media\/248175"}],"wp:attachment":[{"href":"https:\/\/anma.fr\/fr\/wp-json\/wp\/v2\/media?parent=248174"}],"wp:term":[{"taxonomy":"category","embeddable":true,"href":"https:\/\/anma.fr\/fr\/wp-json\/wp\/v2\/categories?post=248174"},{"taxonomy":"post_tag","embeddable":true,"href":"https:\/\/anma.fr\/fr\/wp-json\/wp\/v2\/tags?post=248174"}],"curies":[{"name":"wp","href":"https:\/\/api.w.org\/{rel}","templated":true}]}}