{"id":248879,"date":"2021-11-10T18:56:13","date_gmt":"2021-11-10T17:56:13","guid":{"rendered":"https:\/\/anma.fr\/?p=248879"},"modified":"2022-04-20T00:13:43","modified_gmt":"2022-04-19T22:13:43","slug":"livraison-mulhouse","status":"publish","type":"post","link":"https:\/\/anma.fr\/fr\/livraison-mulhouse\/","title":{"rendered":"LIVRAISON : MULHOUSE"},"content":{"rendered":"<div class=\"et-l et-l--post\">\n\t\t\t<div class=\"et_builder_inner_content et_pb_gutters3\"><div id=\"fiche-projet\" class=\"et_pb_section et_pb_section_0 et_section_regular\" >\n\t\t\t\t\n\t\t\t\t\n\t\t\t\t\n\t\t\t\t\n\t\t\t\t\n\t\t\t\t\n\t\t\t\t<div class=\"et_pb_row et_pb_row_0\">\n\t\t\t\t<div class=\"et_pb_column et_pb_column_4_4 et_pb_column_0 carousel-container  et_pb_css_mix_blend_mode_passthrough et-last-child\">\n\t\t\t\t\n\t\t\t\t\n\t\t\t\t\n\t\t\t\t\n\t\t\t\t<div class=\"et_pb_with_border et_pb_module et_pb_image et_pb_image_0 carrousel-cell\">\n\t\t\t\t\n\t\t\t\t\n\t\t\t\t\n\t\t\t\t\n\t\t\t\t<span class=\"et_pb_image_wrap \"><img decoding=\"async\" width=\"1620\" height=\"1080\" src=\"https:\/\/anma.fr\/wp-content\/uploads\/2021\/12\/photo_SG_2021-ANMA-bureaux-mulhouse-IMP-A-007.jpg\" alt=\"ANMA Mulhouse Bureaux My Platinium\" title=\"ANMA Mulhouse Bureaux My Platinium\" srcset=\"https:\/\/anma.fr\/wp-content\/uploads\/2021\/12\/photo_SG_2021-ANMA-bureaux-mulhouse-IMP-A-007.jpg 1620w, https:\/\/anma.fr\/wp-content\/uploads\/2021\/12\/photo_SG_2021-ANMA-bureaux-mulhouse-IMP-A-007-1280x853.jpg 1280w, https:\/\/anma.fr\/wp-content\/uploads\/2021\/12\/photo_SG_2021-ANMA-bureaux-mulhouse-IMP-A-007-980x653.jpg 980w, https:\/\/anma.fr\/wp-content\/uploads\/2021\/12\/photo_SG_2021-ANMA-bureaux-mulhouse-IMP-A-007-480x320.jpg 480w\" sizes=\"(min-width: 0px) and (max-width: 480px) 480px, (min-width: 481px) and (max-width: 980px) 980px, (min-width: 981px) and (max-width: 1280px) 1280px, (min-width: 1281px) 1620px, 100vw\" class=\"wp-image-248884\" \/><\/span>\n\t\t\t<\/div><div class=\"et_pb_module et_pb_text et_pb_text_0 carrousel-cell  et_pb_text_align_left et_pb_bg_layout_light\">\n\t\t\t\t\n\t\t\t\t\n\t\t\t\t\n\t\t\t\t\n\t\t\t\t<div class=\"et_pb_text_inner\"><h2><b>nouveau tertiaire<br \/><\/b>zac gare \u00e0 mulhouse<\/h2>\n<p>&nbsp;<\/p>\n<p>Le 8 octobre 2021, \u00e9tait inaugur\u00e9 le nouvel ensemble tertiaire \u00ab\u00a0My Platinium\u00a0\u00bb r\u00e9alis\u00e9 avec Bouygues B\u00e2timent Nord-Est pour le compte de Linkcity.<\/p>\n<p>Cette op\u00e9ration est le second projet de l&rsquo;agence au sein de la ZAC Gare TGV, \u00e0 laquelle il se relie via une passerelle menant sur le parvis, en pointe de la dorsale pi\u00e9tonne filant depuis la gare.<\/p>\n<p><strong><a href=\"https:\/\/anma.fr\/fr\/projets\/bureaux-my-platinium\/\">D\u00e9couvrir le projet.\u00a0<\/a><\/strong><\/p>\n<p>Red\u00e9couvrir <a href=\"https:\/\/anma.fr\/fr\/projets\/hotel-centre-gare-2\/\"><strong>l&rsquo;h\u00f4tel Centre Gare<\/strong><\/a>, en face.<\/p>\n<p><strong>Photographie<\/strong> : Sergio Grazia<\/p><\/div>\n\t\t\t<\/div><div class=\"et_pb_with_border et_pb_module et_pb_image et_pb_image_1 carrousel-cell\">\n\t\t\t\t\n\t\t\t\t\n\t\t\t\t\n\t\t\t\t\n\t\t\t\t<span class=\"et_pb_image_wrap \"><img decoding=\"async\" width=\"1620\" height=\"1080\" src=\"https:\/\/anma.fr\/wp-content\/uploads\/2021\/12\/photo_SG_2021-ANMA-bureaux-mulhouse-IMP-A-031.jpg\" alt=\"ANMA Mulhouse Bureaux My Platinium\" title=\"ANMA Mulhouse Bureaux My Platinium\" srcset=\"https:\/\/anma.fr\/wp-content\/uploads\/2021\/12\/photo_SG_2021-ANMA-bureaux-mulhouse-IMP-A-031.jpg 1620w, https:\/\/anma.fr\/wp-content\/uploads\/2021\/12\/photo_SG_2021-ANMA-bureaux-mulhouse-IMP-A-031-1280x853.jpg 1280w, https:\/\/anma.fr\/wp-content\/uploads\/2021\/12\/photo_SG_2021-ANMA-bureaux-mulhouse-IMP-A-031-980x653.jpg 980w, https:\/\/anma.fr\/wp-content\/uploads\/2021\/12\/photo_SG_2021-ANMA-bureaux-mulhouse-IMP-A-031-480x320.jpg 480w\" sizes=\"(min-width: 0px) and (max-width: 480px) 480px, (min-width: 481px) and (max-width: 980px) 980px, (min-width: 981px) and (max-width: 1280px) 1280px, (min-width: 1281px) 1620px, 100vw\" class=\"wp-image-248886\" \/><\/span>\n\t\t\t<\/div>\n\t\t\t<\/div>\n\t\t\t\t\n\t\t\t\t\n\t\t\t\t\n\t\t\t\t\n\t\t\t<\/div>\n\t\t\t\t\n\t\t\t\t\n\t\t\t<\/div>\t\t<\/div>\n\t<\/div>\n\t","protected":false},"excerpt":{"rendered":"<p>nouveau tertiairezac gare \u00e0 mulhouse &nbsp; Le 8 octobre 2021, \u00e9tait inaugur\u00e9 le nouvel ensemble tertiaire \u00ab\u00a0My Platinium\u00a0\u00bb r\u00e9alis\u00e9 avec Bouygues B\u00e2timent Nord-Est pour le compte de Linkcity. Cette op\u00e9ration est le second projet de l&rsquo;agence au sein de la ZAC Gare TGV, \u00e0 laquelle il se relie via une passerelle menant sur le parvis, [&hellip;]<\/p>\n","protected":false},"author":3,"featured_media":248881,"comment_status":"closed","ping_status":"closed","sticky":false,"template":"","format":"standard","meta":{"_acf_changed":false,"_et_pb_use_builder":"on","_et_pb_old_content":"","_et_gb_content_width":"","footnotes":""},"categories":[143],"tags":[],"class_list":["post-248879","post","type-post","status-publish","format-standard","has-post-thumbnail","hentry","category-non-classifiee"],"acf":{"sans":"block","choix_de_la_couleur_du_titre":"#ffffff"},"_links":{"self":[{"href":"https:\/\/anma.fr\/fr\/wp-json\/wp\/v2\/posts\/248879","targetHints":{"allow":["GET"]}}],"collection":[{"href":"https:\/\/anma.fr\/fr\/wp-json\/wp\/v2\/posts"}],"about":[{"href":"https:\/\/anma.fr\/fr\/wp-json\/wp\/v2\/types\/post"}],"author":[{"embeddable":true,"href":"https:\/\/anma.fr\/fr\/wp-json\/wp\/v2\/users\/3"}],"replies":[{"embeddable":true,"href":"https:\/\/anma.fr\/fr\/wp-json\/wp\/v2\/comments?post=248879"}],"version-history":[{"count":0,"href":"https:\/\/anma.fr\/fr\/wp-json\/wp\/v2\/posts\/248879\/revisions"}],"wp:featuredmedia":[{"embeddable":true,"href":"https:\/\/anma.fr\/fr\/wp-json\/wp\/v2\/media\/248881"}],"wp:attachment":[{"href":"https:\/\/anma.fr\/fr\/wp-json\/wp\/v2\/media?parent=248879"}],"wp:term":[{"taxonomy":"category","embeddable":true,"href":"https:\/\/anma.fr\/fr\/wp-json\/wp\/v2\/categories?post=248879"},{"taxonomy":"post_tag","embeddable":true,"href":"https:\/\/anma.fr\/fr\/wp-json\/wp\/v2\/tags?post=248879"}],"curies":[{"name":"wp","href":"https:\/\/api.w.org\/{rel}","templated":true}]}}