{"id":248891,"date":"2021-11-18T10:48:20","date_gmt":"2021-11-18T09:48:20","guid":{"rendered":"https:\/\/anma.fr\/?p=248891"},"modified":"2022-11-21T16:18:35","modified_gmt":"2022-11-21T15:18:35","slug":"les-100-qui-font-la-ville","status":"publish","type":"post","link":"https:\/\/anma.fr\/fr\/les-100-qui-font-la-ville\/","title":{"rendered":"LES 100 QUI FONT LA VILLE"},"content":{"rendered":"<div class=\"et-l et-l--post\">\n\t\t\t<div class=\"et_builder_inner_content et_pb_gutters3\"><div id=\"fiche-projet\" class=\"et_pb_section et_pb_section_0 et_section_regular\" >\n\t\t\t\t\n\t\t\t\t\n\t\t\t\t\n\t\t\t\t\n\t\t\t\t\n\t\t\t\t\n\t\t\t\t<div class=\"et_pb_row et_pb_row_0\">\n\t\t\t\t<div class=\"et_pb_column et_pb_column_4_4 et_pb_column_0 carousel-container  et_pb_css_mix_blend_mode_passthrough et-last-child\">\n\t\t\t\t\n\t\t\t\t\n\t\t\t\t\n\t\t\t\t\n\t\t\t\t<div class=\"et_pb_with_border et_pb_module et_pb_image et_pb_image_0 carrousel-cell\">\n\t\t\t\t\n\t\t\t\t\n\t\t\t\t\n\t\t\t\t\n\t\t\t\t<span class=\"et_pb_image_wrap \"><img decoding=\"async\" width=\"1241\" height=\"1654\" src=\"https:\/\/anma.fr\/wp-content\/uploads\/2021\/12\/TU123_100quifontlaville-2021_Page_001.jpg\" alt=\"ANMA Traits Urbains 100 qui font la ville\" title=\"ANMA Traits Urbains 100 qui font la ville-2021_Page_001\" srcset=\"https:\/\/anma.fr\/wp-content\/uploads\/2021\/12\/TU123_100quifontlaville-2021_Page_001.jpg 1241w, https:\/\/anma.fr\/wp-content\/uploads\/2021\/12\/TU123_100quifontlaville-2021_Page_001-980x1306.jpg 980w, https:\/\/anma.fr\/wp-content\/uploads\/2021\/12\/TU123_100quifontlaville-2021_Page_001-480x640.jpg 480w\" sizes=\"(min-width: 0px) and (max-width: 480px) 480px, (min-width: 481px) and (max-width: 980px) 980px, (min-width: 981px) 1241px, 100vw\" class=\"wp-image-248896\" \/><\/span>\n\t\t\t<\/div><div class=\"et_pb_module et_pb_text et_pb_text_0 carrousel-cell  et_pb_text_align_left et_pb_bg_layout_light\">\n\t\t\t\t\n\t\t\t\t\n\t\t\t\t\n\t\t\t\t\n\t\t\t\t<div class=\"et_pb_text_inner\"><h2><b>au sein du palmar\u00e8s<br \/><\/b>traits urbains 2021<\/h2>\n<p>&nbsp;<\/p>\n<p>Cette ann\u00e9e, ANMA et ses sept associ\u00e9s, Cyril Tr\u00e9tout, Michel Delplace, Anne-Laure d&rsquo;Artemare, Olivier Calvarese, Faustine Robert, Guillaume Ribay et M\u00e9lusine Hucault, ont le plaisir de figurer dans le palmar\u00e8s r\u00e9alis\u00e9 par Innovapresse dans le cadre de leur num\u00e9ro sp\u00e9cial de Traits Urbains : Les 100 qui font la ville.\u00a0<\/p>\n<p>&nbsp;<\/p>\n<p>Retrouvez le palmar\u00e8s complet sur le site <strong><a href=\"https:\/\/www.les100quifontlaville.fr\/\">les100quifontlaville<\/a><\/strong>.<\/p><\/div>\n\t\t\t<\/div><div class=\"et_pb_with_border et_pb_module et_pb_image et_pb_image_1 carrousel-cell\">\n\t\t\t\t\n\t\t\t\t\n\t\t\t\t\n\t\t\t\t\n\t\t\t\t<span class=\"et_pb_image_wrap \"><img decoding=\"async\" width=\"1654\" height=\"2205\" src=\"https:\/\/anma.fr\/wp-content\/uploads\/2021\/12\/TU123_100quifontlaville-2021_Page_018.jpg\" alt=\"ANMA Traits Urbains 100 qui font la ville\" title=\"ANMA Traits Urbains 100 qui font la ville\" srcset=\"https:\/\/anma.fr\/wp-content\/uploads\/2021\/12\/TU123_100quifontlaville-2021_Page_018.jpg 1654w, https:\/\/anma.fr\/wp-content\/uploads\/2021\/12\/TU123_100quifontlaville-2021_Page_018-1280x1706.jpg 1280w, https:\/\/anma.fr\/wp-content\/uploads\/2021\/12\/TU123_100quifontlaville-2021_Page_018-980x1306.jpg 980w, https:\/\/anma.fr\/wp-content\/uploads\/2021\/12\/TU123_100quifontlaville-2021_Page_018-480x640.jpg 480w\" sizes=\"(min-width: 0px) and (max-width: 480px) 480px, (min-width: 481px) and (max-width: 980px) 980px, (min-width: 981px) and (max-width: 1280px) 1280px, (min-width: 1281px) 1654px, 100vw\" class=\"wp-image-248898\" \/><\/span>\n\t\t\t<\/div><div class=\"et_pb_with_border et_pb_module et_pb_image et_pb_image_2 carrousel-cell\">\n\t\t\t\t\n\t\t\t\t\n\t\t\t\t\n\t\t\t\t\n\t\t\t\t<span class=\"et_pb_image_wrap \"><img decoding=\"async\" width=\"827\" height=\"1103\" src=\"https:\/\/anma.fr\/wp-content\/uploads\/2021\/12\/TU123_100quifontlaville-2021_Page_021.jpg\" alt=\"ANMA Traits Urbains 100 qui font la ville\" title=\"ANMA Traits Urbains 100 qui font la ville\" srcset=\"https:\/\/anma.fr\/wp-content\/uploads\/2021\/12\/TU123_100quifontlaville-2021_Page_021.jpg 827w, https:\/\/anma.fr\/wp-content\/uploads\/2021\/12\/TU123_100quifontlaville-2021_Page_021-480x640.jpg 480w\" sizes=\"(min-width: 0px) and (max-width: 480px) 480px, (min-width: 481px) 827px, 100vw\" class=\"wp-image-248900\" \/><\/span>\n\t\t\t<\/div>\n\t\t\t<\/div>\n\t\t\t\t\n\t\t\t\t\n\t\t\t\t\n\t\t\t\t\n\t\t\t<\/div>\n\t\t\t\t\n\t\t\t\t\n\t\t\t<\/div>\t\t<\/div>\n\t<\/div>\n\t","protected":false},"excerpt":{"rendered":"<p>au sein du palmar\u00e8straits urbains 2021 &nbsp; Cette ann\u00e9e, ANMA et ses sept associ\u00e9s, Cyril Tr\u00e9tout, Michel Delplace, Anne-Laure d&rsquo;Artemare, Olivier Calvarese, Faustine Robert, Guillaume Ribay et M\u00e9lusine Hucault, ont le plaisir de figurer dans le palmar\u00e8s r\u00e9alis\u00e9 par Innovapresse dans le cadre de leur num\u00e9ro sp\u00e9cial de Traits Urbains : Les 100 qui font [&hellip;]<\/p>\n","protected":false},"author":3,"featured_media":248893,"comment_status":"closed","ping_status":"closed","sticky":false,"template":"","format":"standard","meta":{"_acf_changed":false,"_et_pb_use_builder":"on","_et_pb_old_content":"","_et_gb_content_width":"","footnotes":""},"categories":[143],"tags":[],"class_list":["post-248891","post","type-post","status-publish","format-standard","has-post-thumbnail","hentry","category-non-classifiee"],"acf":{"sans":"block","choix_de_la_couleur_du_titre":"#ffffff"},"_links":{"self":[{"href":"https:\/\/anma.fr\/fr\/wp-json\/wp\/v2\/posts\/248891","targetHints":{"allow":["GET"]}}],"collection":[{"href":"https:\/\/anma.fr\/fr\/wp-json\/wp\/v2\/posts"}],"about":[{"href":"https:\/\/anma.fr\/fr\/wp-json\/wp\/v2\/types\/post"}],"author":[{"embeddable":true,"href":"https:\/\/anma.fr\/fr\/wp-json\/wp\/v2\/users\/3"}],"replies":[{"embeddable":true,"href":"https:\/\/anma.fr\/fr\/wp-json\/wp\/v2\/comments?post=248891"}],"version-history":[{"count":0,"href":"https:\/\/anma.fr\/fr\/wp-json\/wp\/v2\/posts\/248891\/revisions"}],"wp:featuredmedia":[{"embeddable":true,"href":"https:\/\/anma.fr\/fr\/wp-json\/wp\/v2\/media\/248893"}],"wp:attachment":[{"href":"https:\/\/anma.fr\/fr\/wp-json\/wp\/v2\/media?parent=248891"}],"wp:term":[{"taxonomy":"category","embeddable":true,"href":"https:\/\/anma.fr\/fr\/wp-json\/wp\/v2\/categories?post=248891"},{"taxonomy":"post_tag","embeddable":true,"href":"https:\/\/anma.fr\/fr\/wp-json\/wp\/v2\/tags?post=248891"}],"curies":[{"name":"wp","href":"https:\/\/api.w.org\/{rel}","templated":true}]}}