{"id":248908,"date":"2021-12-02T16:06:40","date_gmt":"2021-12-02T15:06:40","guid":{"rendered":"https:\/\/anma.fr\/?p=248908"},"modified":"2022-04-20T00:10:46","modified_gmt":"2022-04-19T22:10:46","slug":"livraison-saint-mande","status":"publish","type":"post","link":"https:\/\/anma.fr\/fr\/livraison-saint-mande\/","title":{"rendered":"LIVRAISON : SAINT-MAND\u00c9"},"content":{"rendered":"<div class=\"et-l et-l--post\">\n\t\t\t<div class=\"et_builder_inner_content et_pb_gutters3\"><div id=\"fiche-projet\" class=\"et_pb_section et_pb_section_0 et_section_regular\" >\n\t\t\t\t\n\t\t\t\t\n\t\t\t\t\n\t\t\t\t\n\t\t\t\t\n\t\t\t\t\n\t\t\t\t<div class=\"et_pb_row et_pb_row_0\">\n\t\t\t\t<div class=\"et_pb_column et_pb_column_4_4 et_pb_column_0 carousel-container  et_pb_css_mix_blend_mode_passthrough et-last-child\">\n\t\t\t\t\n\t\t\t\t\n\t\t\t\t\n\t\t\t\t\n\t\t\t\t<div class=\"et_pb_with_border et_pb_module et_pb_image et_pb_image_0 carrousel-cell et_pb_section_video et_pb_preload\">\n\t\t\t\t\n\t\t\t\t<span class=\"et_pb_section_video_bg   et_pb_allow_player_pause\">\n\t\t\t\t\t\n\t\t\t<video loop=\"loop\" autoplay playsinline muted >\n\t\t\t\t<source type=\"video\/mp4\" src=\"https:\/\/anma.fr\/wp-content\/uploads\/2021\/12\/B10_STMANDE_web.mp4\" \/>\n\t\t\t\t\n\t\t\t<\/video>\n\t\t\t\t<\/span>\n\t\t\t\t\n\t\t\t\t\n\t\t\t\t<span class=\"et_pb_image_wrap \"><img decoding=\"async\" width=\"1920\" height=\"1080\" src=\"https:\/\/anma.fr\/wp-content\/uploads\/2020\/09\/GABARIT_VIDEO_1920X1080.jpg\" alt=\"VIDEO 1920X1080\" title=\"ANMA Saint Mand\u00e9 Logements Begin\" srcset=\"https:\/\/anma.fr\/wp-content\/uploads\/2020\/09\/GABARIT_VIDEO_1920X1080.jpg 1920w, https:\/\/anma.fr\/wp-content\/uploads\/2020\/09\/GABARIT_VIDEO_1920X1080-1280x720.jpg 1280w, https:\/\/anma.fr\/wp-content\/uploads\/2020\/09\/GABARIT_VIDEO_1920X1080-980x551.jpg 980w, https:\/\/anma.fr\/wp-content\/uploads\/2020\/09\/GABARIT_VIDEO_1920X1080-480x270.jpg 480w\" sizes=\"(min-width: 0px) and (max-width: 480px) 480px, (min-width: 481px) and (max-width: 980px) 980px, (min-width: 981px) and (max-width: 1280px) 1280px, (min-width: 1281px) 1920px, 100vw\" class=\"wp-image-238595\" \/><\/span>\n\t\t\t<\/div><div class=\"et_pb_module et_pb_text et_pb_text_0 carrousel-cell  et_pb_text_align_left et_pb_bg_layout_light\">\n\t\t\t\t\n\t\t\t\t\n\t\t\t\t\n\t\t\t\t\n\t\t\t\t<div class=\"et_pb_text_inner\"><h2><b>120 logements<br \/><\/b>pour l&rsquo;arm\u00e9e et l&rsquo;\u00e9tat<\/h2>\n<p>&nbsp;<\/p>\n<p>Le 4 octobre 2021, les 120 logements sociaux de Saint-Mand\u00e9 \u00e9taient inaugur\u00e9s par Florence Parly, ministre des Arm\u00e9es, Emmanuelle Wargon, ministre en charge du Logement et Julien Weil, maire de la Ville de Saint Mand\u00e9.<\/p>\n<p>Le projet de 8 120 m\u00b2 a \u00e9t\u00e9 r\u00e9alis\u00e9 avec BITP pour le compte de Batig\u00e8re. Tous les halls sont traversants et la majorit\u00e9 des logements le sont \u00e9galement. Au pied du lac de Saint-Mand\u00e9, face au bois de Vincennes, les b\u00e2timents s&rsquo;ins\u00e8rent dans un contexte paysager exceptionnel, aux portes de Paris, poussant tr\u00e8s haut les curseurs de qualit\u00e9 de l&rsquo;habiter.<\/p>\n<p><a href=\"https:\/\/anma.fr\/fr\/projets\/logements-begin\/\"><strong>D\u00e9couvrir le projet.<\/strong><\/a><\/p>\n<p>Le Parisien revient sur <a href=\"https:\/\/www.leparisien.fr\/val-de-marne-94\/saint-mande-deux-ministres-pour-linauguration-du-nouvel-ensemble-de-logements-sociaux-08-10-2021-D6U23ROVKZHTFCV3LCZ6BHDM5Q.php\"><strong>l&rsquo;inauguration<\/strong><\/a>.<\/p>\n<p><strong>Photographie<\/strong> : C\u00e9cile Septet<\/p><\/div>\n\t\t\t<\/div><div class=\"et_pb_with_border et_pb_module et_pb_image et_pb_image_1 carrousel-cell et_pb_section_video et_pb_preload\">\n\t\t\t\t\n\t\t\t\t<span class=\"et_pb_section_video_bg   et_pb_allow_player_pause\">\n\t\t\t\t\t\n\t\t\t<video loop=\"loop\" autoplay playsinline muted >\n\t\t\t\t<source type=\"video\/mp4\" src=\"https:\/\/anma.fr\/wp-content\/uploads\/2021\/12\/B18_STMANDE_web.mp4\" \/>\n\t\t\t\t\n\t\t\t<\/video>\n\t\t\t\t<\/span>\n\t\t\t\t\n\t\t\t\t\n\t\t\t\t<span class=\"et_pb_image_wrap \"><img decoding=\"async\" width=\"1920\" height=\"1080\" src=\"https:\/\/anma.fr\/wp-content\/uploads\/2020\/09\/GABARIT_VIDEO_1920X1080.jpg\" alt=\"VIDEO 1920X1080\" title=\"ANMA Saint Mand\u00e9 Logements Begin\" srcset=\"https:\/\/anma.fr\/wp-content\/uploads\/2020\/09\/GABARIT_VIDEO_1920X1080.jpg 1920w, https:\/\/anma.fr\/wp-content\/uploads\/2020\/09\/GABARIT_VIDEO_1920X1080-1280x720.jpg 1280w, https:\/\/anma.fr\/wp-content\/uploads\/2020\/09\/GABARIT_VIDEO_1920X1080-980x551.jpg 980w, https:\/\/anma.fr\/wp-content\/uploads\/2020\/09\/GABARIT_VIDEO_1920X1080-480x270.jpg 480w\" sizes=\"(min-width: 0px) and (max-width: 480px) 480px, (min-width: 481px) and (max-width: 980px) 980px, (min-width: 981px) and (max-width: 1280px) 1280px, (min-width: 1281px) 1920px, 100vw\" class=\"wp-image-238595\" \/><\/span>\n\t\t\t<\/div>\n\t\t\t<\/div>\n\t\t\t\t\n\t\t\t\t\n\t\t\t\t\n\t\t\t\t\n\t\t\t<\/div>\n\t\t\t\t\n\t\t\t\t\n\t\t\t<\/div>\t\t<\/div>\n\t<\/div>\n\t","protected":false},"excerpt":{"rendered":"<p>120 logementspour l&rsquo;arm\u00e9e et l&rsquo;\u00e9tat &nbsp; Le 4 octobre 2021, les 120 logements sociaux de Saint-Mand\u00e9 \u00e9taient inaugur\u00e9s par Florence Parly, ministre des Arm\u00e9es, Emmanuelle Wargon, ministre en charge du Logement et Julien Weil, maire de la Ville de Saint Mand\u00e9. Le projet de 8 120 m\u00b2 a \u00e9t\u00e9 r\u00e9alis\u00e9 avec BITP pour le compte [&hellip;]<\/p>\n","protected":false},"author":3,"featured_media":248912,"comment_status":"closed","ping_status":"closed","sticky":false,"template":"","format":"standard","meta":{"_acf_changed":false,"_et_pb_use_builder":"on","_et_pb_old_content":"","_et_gb_content_width":"","footnotes":""},"categories":[143],"tags":[],"class_list":["post-248908","post","type-post","status-publish","format-standard","has-post-thumbnail","hentry","category-non-classifiee"],"acf":{"sans":"block","choix_de_la_couleur_du_titre":"#ffffff"},"_links":{"self":[{"href":"https:\/\/anma.fr\/fr\/wp-json\/wp\/v2\/posts\/248908","targetHints":{"allow":["GET"]}}],"collection":[{"href":"https:\/\/anma.fr\/fr\/wp-json\/wp\/v2\/posts"}],"about":[{"href":"https:\/\/anma.fr\/fr\/wp-json\/wp\/v2\/types\/post"}],"author":[{"embeddable":true,"href":"https:\/\/anma.fr\/fr\/wp-json\/wp\/v2\/users\/3"}],"replies":[{"embeddable":true,"href":"https:\/\/anma.fr\/fr\/wp-json\/wp\/v2\/comments?post=248908"}],"version-history":[{"count":0,"href":"https:\/\/anma.fr\/fr\/wp-json\/wp\/v2\/posts\/248908\/revisions"}],"wp:featuredmedia":[{"embeddable":true,"href":"https:\/\/anma.fr\/fr\/wp-json\/wp\/v2\/media\/248912"}],"wp:attachment":[{"href":"https:\/\/anma.fr\/fr\/wp-json\/wp\/v2\/media?parent=248908"}],"wp:term":[{"taxonomy":"category","embeddable":true,"href":"https:\/\/anma.fr\/fr\/wp-json\/wp\/v2\/categories?post=248908"},{"taxonomy":"post_tag","embeddable":true,"href":"https:\/\/anma.fr\/fr\/wp-json\/wp\/v2\/tags?post=248908"}],"curies":[{"name":"wp","href":"https:\/\/api.w.org\/{rel}","templated":true}]}}