{"id":255509,"date":"2023-02-07T11:00:42","date_gmt":"2023-02-07T10:00:42","guid":{"rendered":"https:\/\/anma.fr\/?p=255509"},"modified":"2023-03-07T11:04:27","modified_gmt":"2023-03-07T10:04:27","slug":"parution-projet-de-transformation-ilot-le-monde","status":"publish","type":"post","link":"https:\/\/anma.fr\/fr\/parution-projet-de-transformation-ilot-le-monde\/","title":{"rendered":"Parution : Ivry Le Monde"},"content":{"rendered":"<div class=\"et-l et-l--post\">\n\t\t\t<div class=\"et_builder_inner_content et_pb_gutters3\"><div id=\"fiche-projet\" class=\"et_pb_section et_pb_section_0 et_section_regular\" >\n\t\t\t\t\n\t\t\t\t\n\t\t\t\t\n\t\t\t\t\n\t\t\t\t\n\t\t\t\t\n\t\t\t\t<div class=\"et_pb_row et_pb_row_0\">\n\t\t\t\t<div class=\"et_pb_column et_pb_column_4_4 et_pb_column_0 carousel-container  et_pb_css_mix_blend_mode_passthrough et-last-child\">\n\t\t\t\t\n\t\t\t\t\n\t\t\t\t\n\t\t\t\t\n\t\t\t\t<div class=\"et_pb_with_border et_pb_module et_pb_image et_pb_image_0 carrousel-cell\">\n\t\t\t\t\n\t\t\t\t\n\t\t\t\t\n\t\t\t\t\n\t\t\t\t<span class=\"et_pb_image_wrap \"><img decoding=\"async\" width=\"1440\" height=\"1080\" src=\"https:\/\/anma.fr\/wp-content\/uploads\/2023\/03\/IvryLeMonde03_web.jpg\" alt=\"livre Ivry\" title=\"IvryLeMonde03_web\" srcset=\"https:\/\/anma.fr\/wp-content\/uploads\/2023\/03\/IvryLeMonde03_web.jpg 1440w, https:\/\/anma.fr\/wp-content\/uploads\/2023\/03\/IvryLeMonde03_web-1280x960.jpg 1280w, https:\/\/anma.fr\/wp-content\/uploads\/2023\/03\/IvryLeMonde03_web-980x735.jpg 980w, https:\/\/anma.fr\/wp-content\/uploads\/2023\/03\/IvryLeMonde03_web-480x360.jpg 480w\" sizes=\"(min-width: 0px) and (max-width: 480px) 480px, (min-width: 481px) and (max-width: 980px) 980px, (min-width: 981px) and (max-width: 1280px) 1280px, (min-width: 1281px) 1440px, 100vw\" class=\"wp-image-255512\" \/><\/span>\n\t\t\t<\/div><div class=\"et_pb_module et_pb_text et_pb_text_0 carrousel-cell  et_pb_text_align_left et_pb_bg_layout_light\">\n\t\t\t\t\n\t\t\t\t\n\t\t\t\t\n\t\t\t\t\n\t\t\t\t<div class=\"et_pb_text_inner\"><h2><b>nouvelle<\/b><br \/>parution<\/h2>\n<p>&nbsp;<\/p>\n<p>Un ouvrage retra\u00e7ant l&rsquo;histoire de la transformation de l&rsquo;ancien site des imprimeries du journal Le Monde vient de para\u00eetre chez BOOKSTORMING &#8211; ARCHISTORM.<\/p>\n<p>Chez ANMA Architectes Urbanistes, la question du d\u00e9j\u00e0-l\u00e0 est primordiale. Il est tellement difficile de cr\u00e9er un nouveau quartier, l&rsquo;\u00e9quilibre existant est si fragile, que nous nous effor\u00e7ons toujours de savoir ce que nous pouvons conserver, qu&rsquo;il s&rsquo;agisse de traces invisibles, de structures, d&rsquo;orientations et de volum\u00e9tries des b\u00e2timents. Nous sommes tr\u00e8s attach\u00e9s \u00e0 ces couches ant\u00e9rieures dont les histoires se sont superpos\u00e9es.<\/p><\/div>\n\t\t\t<\/div><div class=\"et_pb_module et_pb_text et_pb_text_1 carrousel-cell  et_pb_text_align_left et_pb_bg_layout_light\">\n\t\t\t\t\n\t\t\t\t\n\t\t\t\t\n\t\t\t\t\n\t\t\t\t<div class=\"et_pb_text_inner\"><h2>\u00a0<\/h2>\n<p>&nbsp;<\/p>\n<p>&nbsp;<\/p>\n<p>Avec Ivry-sur-Seine, Linkcity, POLYCIT\u00c9S, Nexity, Bouygues B\u00e2timent Ile-de-France, Tolila + Gilliland, Fr\u00e9d\u00e9ric LEBARD.<\/p>\n<p>Avec PhilippeBouyssou, LouisDreyfus, Nicolas Michelin, Marc Amzallag MRICS, Laurent Mourey, Lo\u00efc BLONS, Cyril Tr\u00e9tout, Nicholas Gilliland, GeorgesRousse, Alice Guittard, Vram Salamanian.<\/p>\n<p>Photographies du projet : Epaillard Machado<\/p>\n<p><a href=\"https:\/\/lnkd.in\/e9wp5xz8\"><strong>Se le procurer.<\/strong><\/a><\/p>\n<p><a href=\"https:\/\/anma.fr\/fr\/projets\/ilot-le-monde\/\"><strong>Voir la fiche projet.<\/strong><\/a><\/p><\/div>\n\t\t\t<\/div><div class=\"et_pb_with_border et_pb_module et_pb_image et_pb_image_1 carrousel-cell\">\n\t\t\t\t\n\t\t\t\t\n\t\t\t\t\n\t\t\t\t\n\t\t\t\t<span class=\"et_pb_image_wrap \"><img decoding=\"async\" width=\"1440\" height=\"1080\" src=\"https:\/\/anma.fr\/wp-content\/uploads\/2023\/03\/IvryLeMonde06_web.jpg\" alt=\"livre Ivry\" title=\"IvryLeMonde06_web\" srcset=\"https:\/\/anma.fr\/wp-content\/uploads\/2023\/03\/IvryLeMonde06_web.jpg 1440w, https:\/\/anma.fr\/wp-content\/uploads\/2023\/03\/IvryLeMonde06_web-1280x960.jpg 1280w, https:\/\/anma.fr\/wp-content\/uploads\/2023\/03\/IvryLeMonde06_web-980x735.jpg 980w, https:\/\/anma.fr\/wp-content\/uploads\/2023\/03\/IvryLeMonde06_web-480x360.jpg 480w\" sizes=\"(min-width: 0px) and (max-width: 480px) 480px, (min-width: 481px) and (max-width: 980px) 980px, (min-width: 981px) and (max-width: 1280px) 1280px, (min-width: 1281px) 1440px, 100vw\" class=\"wp-image-255514\" \/><\/span>\n\t\t\t<\/div>\n\t\t\t<\/div>\n\t\t\t\t\n\t\t\t\t\n\t\t\t\t\n\t\t\t\t\n\t\t\t<\/div>\n\t\t\t\t\n\t\t\t\t\n\t\t\t<\/div>\t\t<\/div>\n\t<\/div>\n\t","protected":false},"excerpt":{"rendered":"<p>nouvelleparution &nbsp; Un ouvrage retra\u00e7ant l&rsquo;histoire de la transformation de l&rsquo;ancien site des imprimeries du journal Le Monde vient de para\u00eetre chez BOOKSTORMING &#8211; ARCHISTORM. Chez ANMA Architectes Urbanistes, la question du d\u00e9j\u00e0-l\u00e0 est primordiale. Il est tellement difficile de cr\u00e9er un nouveau quartier, l&rsquo;\u00e9quilibre existant est si fragile, que nous nous effor\u00e7ons toujours de [&hellip;]<\/p>\n","protected":false},"author":9,"featured_media":255526,"comment_status":"closed","ping_status":"closed","sticky":false,"template":"","format":"standard","meta":{"_acf_changed":false,"_et_pb_use_builder":"on","_et_pb_old_content":"","_et_gb_content_width":"","footnotes":""},"categories":[143],"tags":[],"class_list":["post-255509","post","type-post","status-publish","format-standard","has-post-thumbnail","hentry","category-non-classifiee"],"acf":{"sans":"block","choix_de_la_couleur_du_titre":"#ffffff"},"_links":{"self":[{"href":"https:\/\/anma.fr\/fr\/wp-json\/wp\/v2\/posts\/255509","targetHints":{"allow":["GET"]}}],"collection":[{"href":"https:\/\/anma.fr\/fr\/wp-json\/wp\/v2\/posts"}],"about":[{"href":"https:\/\/anma.fr\/fr\/wp-json\/wp\/v2\/types\/post"}],"author":[{"embeddable":true,"href":"https:\/\/anma.fr\/fr\/wp-json\/wp\/v2\/users\/9"}],"replies":[{"embeddable":true,"href":"https:\/\/anma.fr\/fr\/wp-json\/wp\/v2\/comments?post=255509"}],"version-history":[{"count":0,"href":"https:\/\/anma.fr\/fr\/wp-json\/wp\/v2\/posts\/255509\/revisions"}],"wp:featuredmedia":[{"embeddable":true,"href":"https:\/\/anma.fr\/fr\/wp-json\/wp\/v2\/media\/255526"}],"wp:attachment":[{"href":"https:\/\/anma.fr\/fr\/wp-json\/wp\/v2\/media?parent=255509"}],"wp:term":[{"taxonomy":"category","embeddable":true,"href":"https:\/\/anma.fr\/fr\/wp-json\/wp\/v2\/categories?post=255509"},{"taxonomy":"post_tag","embeddable":true,"href":"https:\/\/anma.fr\/fr\/wp-json\/wp\/v2\/tags?post=255509"}],"curies":[{"name":"wp","href":"https:\/\/api.w.org\/{rel}","templated":true}]}}