{"id":255663,"date":"2023-05-22T10:56:27","date_gmt":"2023-05-22T08:56:27","guid":{"rendered":"https:\/\/anma.fr\/?p=255663"},"modified":"2025-12-01T16:47:28","modified_gmt":"2025-12-01T15:47:28","slug":"interview-logiciel-spacemaker","status":"publish","type":"post","link":"https:\/\/anma.fr\/fr\/interview-logiciel-spacemaker\/","title":{"rendered":"Interview : logiciel Spacemaker"},"content":{"rendered":"<div class=\"et-l et-l--post\">\n\t\t\t<div class=\"et_builder_inner_content et_pb_gutters3\"><div id=\"fiche-projet\" class=\"et_pb_section et_pb_section_0 et_section_regular\" >\n\t\t\t\t\n\t\t\t\t\n\t\t\t\t\n\t\t\t\t\n\t\t\t\t\n\t\t\t\t\n\t\t\t\t<div class=\"et_pb_row et_pb_row_0\">\n\t\t\t\t<div class=\"et_pb_column et_pb_column_4_4 et_pb_column_0 carousel-container  et_pb_css_mix_blend_mode_passthrough et-last-child\">\n\t\t\t\t\n\t\t\t\t\n\t\t\t\t\n\t\t\t\t\n\t\t\t\t<div class=\"et_pb_module et_pb_text et_pb_text_0 carrousel-cell  et_pb_text_align_left et_pb_bg_layout_light\">\n\t\t\t\t\n\t\t\t\t\n\t\t\t\t\n\t\t\t\t\n\t\t\t\t<div class=\"et_pb_text_inner\"><h2><b>paroles d&rsquo;architectes<\/b><br \/>Logiciel Spacemaker<\/h2>\n<p>&nbsp;<\/p>\n<p>En mars dernier, ANMA accueillait l\u2019\u00e9quipe d\u2019Eurostudio au sein de l\u2019agence afin de t\u00e9moigner de son utilisation du logiciel Spacemaker, rebaptis\u00e9 Forma, au sein de ses projets d\u2019architecture et d\u2019urbanisme.<\/p>\n<p>Guid\u00e9e par la volont\u00e9 de concevoir des projets ancr\u00e9s dans leur territoire et leur contexte, ANMA se saisit de l\u2019innovation num\u00e9rique pour servir cette d\u00e9marche\u00a0: \u00ab\u00a0Spacemaker nous a permis de v\u00e9rifier et de valider que la programmation qui nous \u00e9tait demand\u00e9e pouvait \u00eatre en lien avec la lecture de ce lieu telle qu\u2019on voulait la conserver\u00a0\u00bb &#8211; Albane Viateau, architecte.<\/p><\/div>\n\t\t\t<\/div><div class=\"et_pb_module et_pb_image et_pb_image_0\">\n\t\t\t\t\n\t\t\t\t\n\t\t\t\t\n\t\t\t\t\n\t\t\t\t<a href=\"https:\/\/www.youtube.com\/watch?v=Xf4r93VHmGo\"><span class=\"et_pb_image_wrap \"><img decoding=\"async\" width=\"1611\" height=\"1440\" src=\"https:\/\/anma.fr\/wp-content\/uploads\/2023\/05\/Image-fernanda-et-albane.jpg\" alt=\"spacemaker\" title=\"Image fernanda et albane\" srcset=\"https:\/\/anma.fr\/wp-content\/uploads\/2023\/05\/Image-fernanda-et-albane.jpg 1611w, https:\/\/anma.fr\/wp-content\/uploads\/2023\/05\/Image-fernanda-et-albane-1280x1144.jpg 1280w, https:\/\/anma.fr\/wp-content\/uploads\/2023\/05\/Image-fernanda-et-albane-980x876.jpg 980w, https:\/\/anma.fr\/wp-content\/uploads\/2023\/05\/Image-fernanda-et-albane-480x429.jpg 480w\" sizes=\"(min-width: 0px) and (max-width: 480px) 480px, (min-width: 481px) and (max-width: 980px) 980px, (min-width: 981px) and (max-width: 1280px) 1280px, (min-width: 1281px) 1611px, 100vw\" class=\"wp-image-256432\" \/><\/span><\/a>\n\t\t\t<\/div><div class=\"et_pb_module et_pb_text et_pb_text_1 carrousel-cell  et_pb_text_align_left et_pb_bg_layout_light\">\n\t\t\t\t\n\t\t\t\t\n\t\t\t\t\n\t\t\t\t\n\t\t\t\t<div class=\"et_pb_text_inner\"><h2>\u00a0<\/h2>\n<p>&nbsp;<\/p>\n<p>&nbsp;<\/p>\n<p>&nbsp;<\/p>\n<p>Merci aux intervenants en interne qui se sont mobilis\u00e9s pour cette vid\u00e9o :<br \/>Olivier Calvarese, Architecte associ\u00e9<br \/>Albane Viateau, Architecte<br \/>Fernanda Bernava, Architecte<br \/>Alexis, BIM Manager<\/p><\/div>\n\t\t\t<\/div>\n\t\t\t<\/div>\n\t\t\t\t\n\t\t\t\t\n\t\t\t\t\n\t\t\t\t\n\t\t\t<\/div>\n\t\t\t\t\n\t\t\t\t\n\t\t\t<\/div>\t\t<\/div>\n\t<\/div>\n\t","protected":false},"excerpt":{"rendered":"<p>paroles d&rsquo;architectesLogiciel Spacemaker &nbsp; En mars dernier, ANMA accueillait l\u2019\u00e9quipe d\u2019Eurostudio au sein de l\u2019agence afin de t\u00e9moigner de son utilisation du logiciel Spacemaker, rebaptis\u00e9 Forma, au sein de ses projets d\u2019architecture et d\u2019urbanisme. Guid\u00e9e par la volont\u00e9 de concevoir des projets ancr\u00e9s dans leur territoire et leur contexte, ANMA se saisit de l\u2019innovation num\u00e9rique [&hellip;]<\/p>\n","protected":false},"author":9,"featured_media":255695,"comment_status":"closed","ping_status":"closed","sticky":false,"template":"","format":"standard","meta":{"_acf_changed":false,"_et_pb_use_builder":"on","_et_pb_old_content":"","_et_gb_content_width":"","footnotes":""},"categories":[143],"tags":[],"class_list":["post-255663","post","type-post","status-publish","format-standard","has-post-thumbnail","hentry","category-non-classifiee"],"acf":{"sans":"block","choix_de_la_couleur_du_titre":"#ffffff"},"_links":{"self":[{"href":"https:\/\/anma.fr\/fr\/wp-json\/wp\/v2\/posts\/255663","targetHints":{"allow":["GET"]}}],"collection":[{"href":"https:\/\/anma.fr\/fr\/wp-json\/wp\/v2\/posts"}],"about":[{"href":"https:\/\/anma.fr\/fr\/wp-json\/wp\/v2\/types\/post"}],"author":[{"embeddable":true,"href":"https:\/\/anma.fr\/fr\/wp-json\/wp\/v2\/users\/9"}],"replies":[{"embeddable":true,"href":"https:\/\/anma.fr\/fr\/wp-json\/wp\/v2\/comments?post=255663"}],"version-history":[{"count":1,"href":"https:\/\/anma.fr\/fr\/wp-json\/wp\/v2\/posts\/255663\/revisions"}],"predecessor-version":[{"id":261869,"href":"https:\/\/anma.fr\/fr\/wp-json\/wp\/v2\/posts\/255663\/revisions\/261869"}],"wp:featuredmedia":[{"embeddable":true,"href":"https:\/\/anma.fr\/fr\/wp-json\/wp\/v2\/media\/255695"}],"wp:attachment":[{"href":"https:\/\/anma.fr\/fr\/wp-json\/wp\/v2\/media?parent=255663"}],"wp:term":[{"taxonomy":"category","embeddable":true,"href":"https:\/\/anma.fr\/fr\/wp-json\/wp\/v2\/categories?post=255663"},{"taxonomy":"post_tag","embeddable":true,"href":"https:\/\/anma.fr\/fr\/wp-json\/wp\/v2\/tags?post=255663"}],"curies":[{"name":"wp","href":"https:\/\/api.w.org\/{rel}","templated":true}]}}