{"id":255812,"date":"2023-09-08T11:28:20","date_gmt":"2023-09-08T09:28:20","guid":{"rendered":"https:\/\/anma.fr\/?p=255812"},"modified":"2025-12-01T16:44:50","modified_gmt":"2025-12-01T15:44:50","slug":"itinerances-et-parution-ttt","status":"publish","type":"post","link":"https:\/\/anma.fr\/fr\/itinerances-et-parution-ttt\/","title":{"rendered":"Itin\u00e9rances et parution TTT"},"content":{"rendered":"<div class=\"et-l et-l--post\">\n\t\t\t<div class=\"et_builder_inner_content et_pb_gutters3\"><div id=\"fiche-projet\" class=\"et_pb_section et_pb_section_0 et_section_regular\" >\n\t\t\t\t\n\t\t\t\t\n\t\t\t\t\n\t\t\t\t\n\t\t\t\t\n\t\t\t\t\n\t\t\t\t<div class=\"et_pb_row et_pb_row_0\">\n\t\t\t\t<div class=\"et_pb_column et_pb_column_4_4 et_pb_column_0 carousel-container  et_pb_css_mix_blend_mode_passthrough et-last-child\">\n\t\t\t\t\n\t\t\t\t\n\t\t\t\t\n\t\t\t\t\n\t\t\t\t<div class=\"et_pb_module et_pb_text et_pb_text_0 carrousel-cell  et_pb_text_align_left et_pb_bg_layout_light\">\n\t\t\t\t\n\t\t\t\t\n\t\t\t\t\n\t\t\t\t\n\t\t\t\t<div class=\"et_pb_text_inner\"><h2><b>Itin\u00e9rances<br \/><\/b>et parution<\/h2>\n<p>&nbsp;<\/p>\n<p>Apr\u00e8s trois premiers accrochages au CAUE Rh\u00f4ne M\u00e9tropole, au si\u00e8ge de la M\u00e9tropole de Lyon et au CAUE de Haute-Savoie, notre exposition #TTT poursuit son tour de France.<\/p>\n<p>Depuis le mois d&rsquo;avril, elle existe m\u00eame en deux versions pour pouvoir \u00eatre visit\u00e9e simultan\u00e9ment sur deux territoires. De nouvelles dates seront annonc\u00e9es, dont une en r\u00e9gion parisienne pour 2024.<\/p>\n<p>Le 20 septembre est paru par ailleurs l&rsquo;ouvrage <strong><a href=\"https:\/\/anma.fr\/fr\/projets\/discussion-autour-des-sols\/\">\u00ab\u00a0Terre Terrain Territoire &#8211; Discussion autour des sols\u00a0\u00bb<\/a><\/strong> poursuivant les recherches de l&rsquo;exposition \u00e9ponyme.<\/p>\n<p><strong><a href=\"https:\/\/librairievolume.bigcartel.com\/product\/terre-terrain-territoire\">Commander le livre<\/a>.<\/strong><\/p><\/div>\n\t\t\t<\/div><div class=\"et_pb_with_border et_pb_module et_pb_image et_pb_image_0 carrousel-cell\">\n\t\t\t\t\n\t\t\t\t\n\t\t\t\t\n\t\t\t\t\n\t\t\t\t<span class=\"et_pb_image_wrap \"><img decoding=\"async\" width=\"2048\" height=\"2560\" src=\"https:\/\/anma.fr\/wp-content\/uploads\/2023\/09\/2023_TTT_itinerances-scaled.jpg\" alt=\"ANMA TTT Terre Terrain Territoire\" title=\"2023_TTT_itin\u00e9rances\" srcset=\"https:\/\/anma.fr\/wp-content\/uploads\/2023\/09\/2023_TTT_itinerances-scaled.jpg 2048w, https:\/\/anma.fr\/wp-content\/uploads\/2023\/09\/2023_TTT_itinerances-1280x1600.jpg 1280w, https:\/\/anma.fr\/wp-content\/uploads\/2023\/09\/2023_TTT_itinerances-980x1225.jpg 980w, https:\/\/anma.fr\/wp-content\/uploads\/2023\/09\/2023_TTT_itinerances-480x600.jpg 480w\" sizes=\"(min-width: 0px) and (max-width: 480px) 480px, (min-width: 481px) and (max-width: 980px) 980px, (min-width: 981px) and (max-width: 1280px) 1280px, (min-width: 1281px) 2048px, 100vw\" class=\"wp-image-255817\" \/><\/span>\n\t\t\t<\/div><div class=\"et_pb_with_border et_pb_module et_pb_image et_pb_image_1 carrousel-cell\">\n\t\t\t\t\n\t\t\t\t\n\t\t\t\t\n\t\t\t\t\n\t\t\t\t<span class=\"et_pb_image_wrap \"><img decoding=\"async\" width=\"2048\" height=\"2560\" src=\"https:\/\/anma.fr\/wp-content\/uploads\/2023\/09\/2023_TTT_itinerances2-scaled.jpg\" alt=\"ANMA TTT Terre Terrain Territoire\" title=\"2023_TTT_itin\u00e9rances2\" srcset=\"https:\/\/anma.fr\/wp-content\/uploads\/2023\/09\/2023_TTT_itinerances2-scaled.jpg 2048w, https:\/\/anma.fr\/wp-content\/uploads\/2023\/09\/2023_TTT_itinerances2-1280x1600.jpg 1280w, https:\/\/anma.fr\/wp-content\/uploads\/2023\/09\/2023_TTT_itinerances2-980x1225.jpg 980w, https:\/\/anma.fr\/wp-content\/uploads\/2023\/09\/2023_TTT_itinerances2-480x600.jpg 480w\" sizes=\"(min-width: 0px) and (max-width: 480px) 480px, (min-width: 481px) and (max-width: 980px) 980px, (min-width: 981px) and (max-width: 1280px) 1280px, (min-width: 1281px) 2048px, 100vw\" class=\"wp-image-255819\" \/><\/span>\n\t\t\t<\/div>\n\t\t\t<\/div>\n\t\t\t\t\n\t\t\t\t\n\t\t\t\t\n\t\t\t\t\n\t\t\t<\/div>\n\t\t\t\t\n\t\t\t\t\n\t\t\t<\/div>\t\t<\/div>\n\t<\/div>\n\t","protected":false},"excerpt":{"rendered":"<p>Itin\u00e9ranceset parution &nbsp; Apr\u00e8s trois premiers accrochages au CAUE Rh\u00f4ne M\u00e9tropole, au si\u00e8ge de la M\u00e9tropole de Lyon et au CAUE de Haute-Savoie, notre exposition #TTT poursuit son tour de France. Depuis le mois d&rsquo;avril, elle existe m\u00eame en deux versions pour pouvoir \u00eatre visit\u00e9e simultan\u00e9ment sur deux territoires. De nouvelles dates seront annonc\u00e9es, dont [&hellip;]<\/p>\n","protected":false},"author":3,"featured_media":255814,"comment_status":"closed","ping_status":"closed","sticky":false,"template":"","format":"standard","meta":{"_acf_changed":false,"_et_pb_use_builder":"on","_et_pb_old_content":"","_et_gb_content_width":"","footnotes":""},"categories":[143],"tags":[],"class_list":["post-255812","post","type-post","status-publish","format-standard","has-post-thumbnail","hentry","category-non-classifiee"],"acf":{"sans":"block","choix_de_la_couleur_du_titre":"#ffffff"},"_links":{"self":[{"href":"https:\/\/anma.fr\/fr\/wp-json\/wp\/v2\/posts\/255812","targetHints":{"allow":["GET"]}}],"collection":[{"href":"https:\/\/anma.fr\/fr\/wp-json\/wp\/v2\/posts"}],"about":[{"href":"https:\/\/anma.fr\/fr\/wp-json\/wp\/v2\/types\/post"}],"author":[{"embeddable":true,"href":"https:\/\/anma.fr\/fr\/wp-json\/wp\/v2\/users\/3"}],"replies":[{"embeddable":true,"href":"https:\/\/anma.fr\/fr\/wp-json\/wp\/v2\/comments?post=255812"}],"version-history":[{"count":1,"href":"https:\/\/anma.fr\/fr\/wp-json\/wp\/v2\/posts\/255812\/revisions"}],"predecessor-version":[{"id":261872,"href":"https:\/\/anma.fr\/fr\/wp-json\/wp\/v2\/posts\/255812\/revisions\/261872"}],"wp:featuredmedia":[{"embeddable":true,"href":"https:\/\/anma.fr\/fr\/wp-json\/wp\/v2\/media\/255814"}],"wp:attachment":[{"href":"https:\/\/anma.fr\/fr\/wp-json\/wp\/v2\/media?parent=255812"}],"wp:term":[{"taxonomy":"category","embeddable":true,"href":"https:\/\/anma.fr\/fr\/wp-json\/wp\/v2\/categories?post=255812"},{"taxonomy":"post_tag","embeddable":true,"href":"https:\/\/anma.fr\/fr\/wp-json\/wp\/v2\/tags?post=255812"}],"curies":[{"name":"wp","href":"https:\/\/api.w.org\/{rel}","templated":true}]}}