{"id":256595,"date":"2023-12-21T12:02:39","date_gmt":"2023-12-21T11:02:39","guid":{"rendered":"https:\/\/anma.fr\/?p=256595"},"modified":"2025-12-01T16:43:50","modified_gmt":"2025-12-01T15:43:50","slug":"la-defense-nouvelle-mission","status":"publish","type":"post","link":"https:\/\/anma.fr\/fr\/la-defense-nouvelle-mission\/","title":{"rendered":"LA D\u00c9FENSE : NOUVELLE MISSION"},"content":{"rendered":"<div class=\"et-l et-l--post\">\n\t\t\t<div class=\"et_builder_inner_content et_pb_gutters3\"><div id=\"fiche-projet\" class=\"et_pb_section et_pb_section_0 et_section_regular\" >\n\t\t\t\t\n\t\t\t\t\n\t\t\t\t\n\t\t\t\t\n\t\t\t\t\n\t\t\t\t\n\t\t\t\t<div class=\"et_pb_row et_pb_row_0\">\n\t\t\t\t<div class=\"et_pb_column et_pb_column_4_4 et_pb_column_0 carousel-container  et_pb_css_mix_blend_mode_passthrough et-last-child\">\n\t\t\t\t\n\t\t\t\t\n\t\t\t\t\n\t\t\t\t\n\t\t\t\t<div class=\"et_pb_module et_pb_text et_pb_text_0 carrousel-cell  et_pb_text_align_left et_pb_bg_layout_light\">\n\t\t\t\t\n\t\t\t\t\n\t\t\t\t\n\t\t\t\t\n\t\t\t\t<div class=\"et_pb_text_inner\"><h2><strong>MAITRE D&rsquo;OEUVRE<br \/><\/strong>DES ESPACES PUBLICS<\/h2>\n<p>&nbsp;<\/p>\n<p>ANMA Architectes Urbanistes et son \u00e9quipe remportent le march\u00e9 de ma\u00eetrise d\u2019\u0153uvre des espaces publics pour le projet de r\u00e9am\u00e9nagement du secteur Ouest du Boulevard Circulaire \u00e0 La D\u00e9fense.<\/p>\n<p>Men\u00e9es par notre mandataire Setec pour le compte du D\u00e9partement des Hauts-de-Seine, nos \u00e9quipes d&rsquo;architectes urbanistes vont dessiner et suivre les chantiers de la transformation de cette grande infrastructure routi\u00e8re du XXe si\u00e8cle&#8230; vers un nouvel axe urbain moderne, partag\u00e9 et connect\u00e9 aux espaces publics des villes.<\/p>\n<p>Avec nos partenaires Iris Conseil, Hydratec, Concepto, Explain et Terrasol.<\/p>\n<p><strong>Photographie<\/strong> : \u00a9Marwan Harmouche<\/p><\/div>\n\t\t\t<\/div><div class=\"et_pb_with_border et_pb_module et_pb_image et_pb_image_0 carrousel-cell\">\n\t\t\t\t\n\t\t\t\t\n\t\t\t\t\n\t\t\t\t\n\t\t\t\t<span class=\"et_pb_image_wrap \"><img decoding=\"async\" src=\"https:\/\/anma.fr\/wp-content\/uploads\/2023\/12\/12_DHP_\u252c\u00aemarwanharmouche_M7A9178.jpg\" alt=\"ANMA La D\u00e9fense Boulevard Circulaire\" title=\"ANMA La D\u00e9fense Boulevard Circulaire\" \/><\/span>\n\t\t\t<\/div>\n\t\t\t<\/div>\n\t\t\t\t\n\t\t\t\t\n\t\t\t\t\n\t\t\t\t\n\t\t\t<\/div>\n\t\t\t\t\n\t\t\t\t\n\t\t\t<\/div>\t\t<\/div>\n\t<\/div>\n\t","protected":false},"excerpt":{"rendered":"<p>MAITRE D&rsquo;OEUVREDES ESPACES PUBLICS &nbsp; ANMA Architectes Urbanistes et son \u00e9quipe remportent le march\u00e9 de ma\u00eetrise d\u2019\u0153uvre des espaces publics pour le projet de r\u00e9am\u00e9nagement du secteur Ouest du Boulevard Circulaire \u00e0 La D\u00e9fense. Men\u00e9es par notre mandataire Setec pour le compte du D\u00e9partement des Hauts-de-Seine, nos \u00e9quipes d&rsquo;architectes urbanistes vont dessiner et suivre les [&hellip;]<\/p>\n","protected":false},"author":3,"featured_media":256597,"comment_status":"closed","ping_status":"closed","sticky":false,"template":"","format":"standard","meta":{"_acf_changed":false,"_et_pb_use_builder":"on","_et_pb_old_content":"","_et_gb_content_width":"","footnotes":""},"categories":[143],"tags":[],"class_list":["post-256595","post","type-post","status-publish","format-standard","has-post-thumbnail","hentry","category-non-classifiee"],"acf":{"sans":"block","choix_de_la_couleur_du_titre":"#ffffff"},"_links":{"self":[{"href":"https:\/\/anma.fr\/fr\/wp-json\/wp\/v2\/posts\/256595","targetHints":{"allow":["GET"]}}],"collection":[{"href":"https:\/\/anma.fr\/fr\/wp-json\/wp\/v2\/posts"}],"about":[{"href":"https:\/\/anma.fr\/fr\/wp-json\/wp\/v2\/types\/post"}],"author":[{"embeddable":true,"href":"https:\/\/anma.fr\/fr\/wp-json\/wp\/v2\/users\/3"}],"replies":[{"embeddable":true,"href":"https:\/\/anma.fr\/fr\/wp-json\/wp\/v2\/comments?post=256595"}],"version-history":[{"count":1,"href":"https:\/\/anma.fr\/fr\/wp-json\/wp\/v2\/posts\/256595\/revisions"}],"predecessor-version":[{"id":261873,"href":"https:\/\/anma.fr\/fr\/wp-json\/wp\/v2\/posts\/256595\/revisions\/261873"}],"wp:featuredmedia":[{"embeddable":true,"href":"https:\/\/anma.fr\/fr\/wp-json\/wp\/v2\/media\/256597"}],"wp:attachment":[{"href":"https:\/\/anma.fr\/fr\/wp-json\/wp\/v2\/media?parent=256595"}],"wp:term":[{"taxonomy":"category","embeddable":true,"href":"https:\/\/anma.fr\/fr\/wp-json\/wp\/v2\/categories?post=256595"},{"taxonomy":"post_tag","embeddable":true,"href":"https:\/\/anma.fr\/fr\/wp-json\/wp\/v2\/tags?post=256595"}],"curies":[{"name":"wp","href":"https:\/\/api.w.org\/{rel}","templated":true}]}}