{"id":258943,"date":"2025-01-23T11:44:45","date_gmt":"2025-01-23T10:44:45","guid":{"rendered":"https:\/\/anma.fr\/?p=258943"},"modified":"2025-02-07T11:59:31","modified_gmt":"2025-02-07T10:59:31","slug":"nouvelle-video-de-recherche","status":"publish","type":"post","link":"https:\/\/anma.fr\/fr\/nouvelle-video-de-recherche\/","title":{"rendered":"NOUVELLE VIDEO DE RECHERCHE"},"content":{"rendered":"<div class=\"et-l et-l--post\">\n\t\t\t<div class=\"et_builder_inner_content et_pb_gutters3\"><div id=\"fiche-projet\" class=\"et_pb_section et_pb_section_0 et_section_regular\" >\n\t\t\t\t\n\t\t\t\t\n\t\t\t\t\n\t\t\t\t\n\t\t\t\t\n\t\t\t\t\n\t\t\t\t<div class=\"et_pb_row et_pb_row_0\">\n\t\t\t\t<div class=\"et_pb_column et_pb_column_4_4 et_pb_column_0 carousel-container  et_pb_css_mix_blend_mode_passthrough et-last-child\">\n\t\t\t\t\n\t\t\t\t\n\t\t\t\t\n\t\t\t\t\n\t\t\t\t<div class=\"et_pb_module et_pb_text et_pb_text_0 carrousel-cell  et_pb_text_align_left et_pb_bg_layout_light\">\n\t\t\t\t\n\t\t\t\t\n\t\t\t\t\n\t\t\t\t\n\t\t\t\t<div class=\"et_pb_text_inner\"><h2><b>Nouvelle vid\u00e9o<\/b><br \/>sur les mat\u00e9riaux<\/h2>\n<p>&nbsp;<\/p>\n<p><em>L&#8217;empreinte, les sens, la mati\u00e8re<\/em> est la deuxi\u00e8me vid\u00e9o de la s\u00e9rie de rencontres th\u00e9matis\u00e9es, produite par la Plateforme de recherche de l\u2019agence. Apr\u00e8s une premi\u00e8re discussion intercontinentale sur la r\u00e9silience des territoires, <a href=\"https:\/\/anma.fr\/fr\/discussion-transatlantique-sur-la-resilience\/\"><strong><em>La ligne, les hommes, les hu\u00eetres<\/em><\/strong><\/a>, ANMA partage ici l\u2019\u00e9cran avec deux entreprises europ\u00e9ennes de solutions de mat\u00e9riaux bois et terre\u00a0: <a href=\"https:\/\/www.lekolabs.com\/\"><strong>LEKO Labs<\/strong><\/a> et <a href=\"https:\/\/bcmaterials.org\/\"><strong>BC Materials<\/strong><\/a><strong>.<\/strong><\/p>\n<p>Historiquement, le CSTB est cr\u00e9\u00e9 apr\u00e8s la seconde guerre mondiale pour poser un cadre r\u00e9glementaire \u00e0 la reconstruction urbaine de la France, dans une p\u00e9riode de forte acc\u00e9l\u00e9ration et de croissance. Cette r\u00e8glementation encadre alors les mat\u00e9riaux issus des \u00e9nergies fossiles tels que le b\u00e9ton, l\u2019acier, le verre\u2026 devenant les mat\u00e9riaux de construction par d\u00e9faut.<\/p>\n<p>Aujourd\u2019hui, le secteur du b\u00e2timent connait un changement de paradigme : l\u2019urgence climatique est l\u00e0, et le b\u00e9ton g\u00e9n\u00e8re \u00e0 lui tout seul pr\u00e8s de 7% des \u00e9missions mondiales de CO2 (donn\u00e9e de 2021). Les nouvelles r\u00e8glementations environnementales en sont de plus en plus exigeantes, il est n\u00e9cessaire de repenser le choix des mat\u00e9riaux pour r\u00e9duire les \u00e9missions de carbone et s\u2019inscrire enfin dans une construction durable de la ville.<\/p><\/div>\n\t\t\t<\/div><div class=\"et_pb_module et_pb_text et_pb_text_1 carrousel-cell  et_pb_text_align_left et_pb_bg_layout_light\">\n\t\t\t\t\n\t\t\t\t\n\t\t\t\t\n\t\t\t\t\n\t\t\t\t<div class=\"et_pb_text_inner\"><h2><b>3 expertises<\/b><br \/>3 th\u00e9matiques<\/h2>\n<p>&nbsp;<\/p>\n<p>Dans ce nouvel \u00e9change digital, ANMA explore les potentiels de la terre crue et du bois. Comment ces mat\u00e9riaux r\u00e9inventent-ils l\u2019architecture ? Quelles sont leurs contraintes de mise en \u0153uvre, leurs avantages constructifs et d\u2019usages ?<\/p>\n<p>Une discussion o\u00f9 Olivier Calvarese, architecte associ\u00e9e, et Juliette Ducerisier, architecte experte en \u00e9co-construction, de l\u2019agence croisent leur regard de ma\u00eetres d\u2019\u0153uvre avec le savoir-faire de deux experts en mat\u00e9riaux bio- et g\u00e9osourc\u00e9s : Anton Martens chez BC Materials (terre crue) et Hugues Vincent de LEKO Labs (solutions bois).<\/p>\n<p>La vid\u00e9o explore trois th\u00e9matiques cl\u00e9s \u2013 d\u00e9carbonation (l&#8217;empreinte), usages (les sens) et frugalit\u00e9 (la mati\u00e8re) \u2013 \u00e0 travers lesquels les intervenants reviennent sur leurs exp\u00e9riences et pratiques de projets. Esquisse de r\u00e9ponses et de compr\u00e9hension sur ce qui est, ce qu\u2019il existe et de ce qui peut \u00eatre pour l\u2019architecture avec les mat\u00e9riaux.<\/p><\/div>\n\t\t\t<\/div><div class=\"et_pb_with_border et_pb_module et_pb_image et_pb_image_0 carrousel-cell\">\n\t\t\t\t\n\t\t\t\t\n\t\t\t\t\n\t\t\t\t\n\t\t\t\t<a href=\"https:\/\/youtu.be\/Srvnc9WfPzw?feature=shared\"><span class=\"et_pb_image_wrap \"><img decoding=\"async\" width=\"2560\" height=\"1440\" src=\"https:\/\/anma.fr\/wp-content\/uploads\/2025\/02\/image-2-3-scaled.jpg\" alt=\"Image vid\u00e9o 2\" title=\"image 2\" srcset=\"https:\/\/anma.fr\/wp-content\/uploads\/2025\/02\/image-2-3-scaled.jpg 2560w, https:\/\/anma.fr\/wp-content\/uploads\/2025\/02\/image-2-3-1280x720.jpg 1280w, https:\/\/anma.fr\/wp-content\/uploads\/2025\/02\/image-2-3-980x551.jpg 980w, https:\/\/anma.fr\/wp-content\/uploads\/2025\/02\/image-2-3-480x270.jpg 480w\" sizes=\"(min-width: 0px) and (max-width: 480px) 480px, (min-width: 481px) and (max-width: 980px) 980px, (min-width: 981px) and (max-width: 1280px) 1280px, (min-width: 1281px) 2560px, 100vw\" class=\"wp-image-258979\" \/><\/span><\/a>\n\t\t\t<\/div><div class=\"et_pb_module et_pb_text et_pb_text_2 carrousel-cell  et_pb_text_align_left et_pb_bg_layout_light\">\n\t\t\t\t\n\t\t\t\t\n\t\t\t\t\n\t\t\t\t\n\t\t\t\t<div class=\"et_pb_text_inner\"><h2><b>CR\u00c9DITS<br \/><\/b>&amp; \u00e9quipe<\/h2>\n<p>&nbsp;<\/p>\n<p>Une initiative de la Plateforme de recherche de l\u2019agence ANMA Architectes Urbanistes en collaboration avec les entreprises BC Materials et LEKO Labs.<\/p>\n<p><strong>Intervenants\u00a0: <\/strong><br \/>Juliette Ducerisier, architecte r\u00e9f\u00e9rente recherche (ANMA), Olivier Calvarese, architecte urbaniste associ\u00e9e (ANMA), Anton Martens, responsable du d\u00e9veloppement (BC Materials), Hugues Vincent, directeur technique (LEKO Labs).<\/p>\n<p><strong>R\u00e9alisation et production :\u00a0<\/strong><br \/>Marie van Merris, ANMA<\/p>\n<p><strong>Remerciements\u00a0<\/strong>:<br \/>Anne-Laure d\u2019Artemare, Emil Walbron, Farah Fervel, Ludovic Pereira, Philippine d\u2019Avout, Zeineb Jaziri<\/p>\n<p><strong>Cr\u00e9dits images \u00a9<br \/><\/strong>Voir d\u00e9tail dans la <a href=\"https:\/\/youtu.be\/Srvnc9WfPzw?feature=shared\">description YouTube<\/a>.<\/p>\n<p>&nbsp;<\/p><\/div>\n\t\t\t<\/div>\n\t\t\t<\/div>\n\t\t\t\t\n\t\t\t\t\n\t\t\t\t\n\t\t\t\t\n\t\t\t<\/div>\n\t\t\t\t\n\t\t\t\t\n\t\t\t<\/div>\t\t<\/div>\n\t<\/div>\n\t","protected":false},"excerpt":{"rendered":"<p>Nouvelle vid\u00e9osur les mat\u00e9riaux &nbsp; L&#8217;empreinte, les sens, la mati\u00e8re est la deuxi\u00e8me vid\u00e9o de la s\u00e9rie de rencontres th\u00e9matis\u00e9es, produite par la Plateforme de recherche de l\u2019agence. Apr\u00e8s une premi\u00e8re discussion intercontinentale sur la r\u00e9silience des territoires, La ligne, les hommes, les hu\u00eetres, ANMA partage ici l\u2019\u00e9cran avec deux entreprises europ\u00e9ennes de solutions de [&hellip;]<\/p>\n","protected":false},"author":9,"featured_media":258991,"comment_status":"closed","ping_status":"closed","sticky":false,"template":"","format":"standard","meta":{"_acf_changed":false,"_et_pb_use_builder":"on","_et_pb_old_content":"","_et_gb_content_width":"","footnotes":""},"categories":[69],"tags":[],"class_list":["post-258943","post","type-post","status-publish","format-standard","has-post-thumbnail","hentry","category-anma"],"acf":{"sans":"block","choix_de_la_couleur_du_titre":"#ffffff"},"_links":{"self":[{"href":"https:\/\/anma.fr\/fr\/wp-json\/wp\/v2\/posts\/258943","targetHints":{"allow":["GET"]}}],"collection":[{"href":"https:\/\/anma.fr\/fr\/wp-json\/wp\/v2\/posts"}],"about":[{"href":"https:\/\/anma.fr\/fr\/wp-json\/wp\/v2\/types\/post"}],"author":[{"embeddable":true,"href":"https:\/\/anma.fr\/fr\/wp-json\/wp\/v2\/users\/9"}],"replies":[{"embeddable":true,"href":"https:\/\/anma.fr\/fr\/wp-json\/wp\/v2\/comments?post=258943"}],"version-history":[{"count":17,"href":"https:\/\/anma.fr\/fr\/wp-json\/wp\/v2\/posts\/258943\/revisions"}],"predecessor-version":[{"id":259003,"href":"https:\/\/anma.fr\/fr\/wp-json\/wp\/v2\/posts\/258943\/revisions\/259003"}],"wp:featuredmedia":[{"embeddable":true,"href":"https:\/\/anma.fr\/fr\/wp-json\/wp\/v2\/media\/258991"}],"wp:attachment":[{"href":"https:\/\/anma.fr\/fr\/wp-json\/wp\/v2\/media?parent=258943"}],"wp:term":[{"taxonomy":"category","embeddable":true,"href":"https:\/\/anma.fr\/fr\/wp-json\/wp\/v2\/categories?post=258943"},{"taxonomy":"post_tag","embeddable":true,"href":"https:\/\/anma.fr\/fr\/wp-json\/wp\/v2\/tags?post=258943"}],"curies":[{"name":"wp","href":"https:\/\/api.w.org\/{rel}","templated":true}]}}